{"id":2835,"date":"2017-07-22T19:03:01","date_gmt":"2017-07-22T17:03:01","guid":{"rendered":"http:\/\/www.ludovi.ca\/fondationmdm\/?p=2835\/"},"modified":"2017-07-22T19:03:01","modified_gmt":"2017-07-22T17:03:01","slug":"evangelia-kranioti","status":"publish","type":"post","link":"https:\/\/www.fondationmdm.com\/en\/evangelia-kranioti\/","title":{"rendered":"EVANGELIA KRANIOTI"},"content":{"rendered":"<div class=\"fusion-fullwidth fullwidth-box fusion-builder-row-1 nonhundred-percent-fullwidth non-hundred-percent-height-scrolling fusion-equal-height-columns\" style=\"--awb-background-position:left top;--awb-border-radius-top-left:0px;--awb-border-radius-top-right:0px;--awb-border-radius-bottom-right:0px;--awb-border-radius-bottom-left:0px;--awb-padding-top:0px;--awb-padding-right:0px;--awb-padding-bottom:0px;--awb-padding-left:0px;--awb-margin-top:50px;--awb-border-sizes-top:0px;--awb-border-sizes-bottom:0px;\" ><div class=\"fusion-builder-row fusion-row\"><div class=\"fusion-layout-column fusion_builder_column fusion-builder-column-0 fusion_builder_column_1_1 1_1 fusion-one-full fusion-column-first fusion-column-last tabella-aperta\" style=\"--awb-padding-top:0px;--awb-padding-right:0px;--awb-padding-bottom:0px;--awb-padding-left:0px;--awb-bg-repeat:repeat;\"><div class=\"fusion-column-wrapper fusion-flex-column-wrapper-legacy\"><div class=\"fusion-text fusion-text-1\"><div class=\"tabella-borse\">\n<table>\n<thead>\n<tr>\n<th><strong class=\"grasso\">2007<\/strong><\/th>\n<th><em>Portfolio de photographies, linogravures et textes sur les gens des \u00eeles italiennes : Sicile, Iles Eoliennes<br \/>\n<\/em><\/th>\n<th style=\"text-align: left;\">Nationality:<br \/>\nGreece Category:\u00a0Photography<\/th>\n<\/tr>\n<\/thead>\n<tbody>\n<tr>\n<td colspan=\"3\" align=\"left\"><strong>Project Description:<\/strong>En grec la mer est appel\u00e9e \u00ab\u00a0thalassa\u00a0\u00bb mais aussi \u00ab\u00a0pontos\u00a0\u00bb, qui veut dire passage. Cette double qualit\u00e9 de l\u2019eau, de rapprocher autant qu\u2019elle divise, donne naissance \u00e0 des voyages et des aventures, des \u00e9loignements et des s\u00e9parations, \u00e0 des retours et des nouveaux d\u00e9parts. Mon propre questionnement sur le voyage ainsi que mon amour de la mer, m\u2019ont men\u00e9e \u00e0 commencer un p\u00e9riple autour de la M\u00e9diterran\u00e9e, \u00e0 la recherche des r\u00e9cits de voyage qui refl\u00e8tent une sensation qui m\u2019est bien famili\u00e8re; l\u2019envie de retour et en m\u00eame temps son contraire, celle de partir. Ce projet, en cours, intitul\u00e9 Archipel(s) rassemble photographies, linogravures et histoires des gens de la mer que je rencontre au fil de mes voyages. Archipel(s) a connu ses d\u00e9buts en 2006, dans les \u00eeles grecques. Gr\u00e2ce \u00e0 la bourse Marc de Montalembert j\u2019ai pu ouvrir ce projet \u00e0 la M\u00e9diterran\u00e9e et effectuer mes premiers voyages en dehors de mon pays, notamment en Sicile et dans les petits archipels du sud de l\u2019Italie. Je continue ma qu\u00eate en Espagne, en Corse et en Afrique du nord, dans le but d\u2019\u00e9diter un livre qui va dresser un portrait intime du monde m\u00e9diterran\u00e9en contemporain et mettre en valeur les diff\u00e9rentes expressions de cet h\u00e9ritage culturel fascinant.<\/p>\n<p><strong>Biography of the winner:<\/strong><\/p>\n<p>Evangelia Kranioti est une artiste plasticienne n\u00e9e \u00e0 Ath\u00e8nes et r\u00e9sidente en France. Dipl\u00f4m\u00e9e de droit (Ma\u00eetrise droit public, Universit\u00e9 Nationale et Capodistrienne d\u2019Ath\u00e8nes) et d\u2019arts visuels (Ecole nationale sup\u00e9rieure des Arts D\u00e9coratifs de Paris, dipl\u00f4me et post-dipl\u00f4me avec les f\u00e9licitations du jury) elle vient d&#8217;\u00eatre dipl\u00f4m\u00e9e du Fresnoy \u2013 Studio national des Arts Contemporains (Tourcoing) avec les f\u00e9licitations du jury \u00e0 l\u2019unanimit\u00e9.<\/p>\n<p>Laur\u00e9ate de nombreuses bourses et prix, elle a re\u00e7u le soutien d\u2019institutions telles que\u2009: la Fondation J.F. Costopoulos, le Fonds de Dotation Agn\u00e8s b, la Fondation Basil &amp; Elise Goulandris, la Fondation Marc de Montalembert, la Fondation Maria Tsakos, le Minist\u00e8re de la Culture (FR), le Minist\u00e8re des Affaires \u00c9trang\u00e8res (FR), le Centre M\u00e9diterran\u00e9en de la Photographie, la Cit\u00e9 internationale des Arts de Paris, Capacete Rio de Janeiro, la Funda\u00e7\u00e3o Alvares Armando S\u00e3o Paulo, le dispositif Runway \/ Bipolar &amp; Le Fresnoy, entre autres.<\/p>\n<p>Elle est la laur\u00e9ate du Prix Special du Jury ainsi que du Prix Elie Saab lors du 30\u00e8me festival de Mode et de Photographie de Hy\u00e8res, du Best Emerging International Filmmaker Award au Hot Docs IFF festival, du Prix R\u00e9sidence Photographique de la Fondation des Treilles, du Prix des Amis de Fresnoy et a \u00e9t\u00e9 finaliste au Prix Photographique de l\u2019Acad\u00e9mie fran\u00e7aise.<\/p>\n<p>Son travail embrasse photographie, video, installation et est r\u00e9guli\u00e8rement pr\u00e9sent\u00e9 \u00e0 l\u2019international : Paris Photo, Maison Europ\u00e9enne de la Photographie, 5\u00e8me Biennale de Thessaloniki, Mus\u00e9e national d\u2019art moderne \/ Gr\u00e8ce, Festival VIA Maubeuge, Festival EXIT MAC Cr\u00e9teil, Galerie Vincent Sator, Galerie du Jour Agnes b., Galerie Xippas, Kyotographies \/ Japon, Centro Helio Oiticica \/ Rio, La Biennale de Belleville \/ FIAC, CentQuatre, Bruxelles Nuit Blanche, Espace Culture Lille 1, Muse\u00e9e de Beaux arts de Rennes, MUSA Museum on Demand \/ Vienne, Austrian Cultural Forum NY, the NY Photo Festival \/ Dumbo Brooklyn, le Centre d\u2019art contemporain \/ Gen\u00e8ve.<\/p>\n<p>Son premier documentaire <em>Exotica, Erotica, Etc.<\/em> (73&#8242;) a eu sa premi\u00e8re au Forum de la 65\u00e8me Berlinale et est actuellement pr\u00e9sent\u00e9 dans des festivals, mus\u00e9es, cin\u00e9math\u00e8ques et centres d&#8217;art contemporain autour du monde (Filmoteca espa\u00f1ola, Centre d&#8217;art contemporain de Gen\u00e8ve, Thessaloniki documentary festival, Karlovy Vary FF, Hot Docs Toronto, Melbourne IFF, Sarajevo FF, BFI London film festival, G\u00f6teborg IFF entre autres).<\/p>\n<p><strong>Result of the project:<\/strong><\/p>\n<p>Toujours en cours, mon projet sur les hommes de la mer en M\u00e9diterran\u00e9e m\u2019a valu une bourse du Minist\u00e8re fran\u00e7ais de la Culture (programme p\u00e9dagogique Ecritures de Lumi\u00e8re) qui m\u2019a permis de s\u00e9journer en Corse (mai 2009) en tant qu\u2019artiste invit\u00e9e du Centre M\u00e9diterran\u00e9en de la Photographie. En dehors de mon travail, j\u2019y ai men\u00e9 des ateliers de photographie, linogravure et \u00e9criture avec les \u00e9l\u00e8ves de l\u2019\u00e9cole de Carg\u00e8se, sur le th\u00e8me de mon projet. Ce fut une exp\u00e9rience exceptionnelle. Plus tard la m\u00eame ann\u00e9e, j\u2019ai re\u00e7u une bourse du Minist\u00e8re fran\u00e7ais des Affaires Etrang\u00e8res qui m\u2019a permis de continuer ma recherche en Am\u00e9rique Latine et notamment au sein de la r\u00e9sidence artistique Capacete. Gr\u00e2ce \u00e0 mon premier long s\u00e9jour au Br\u00e9sil mon projet a \u00e9norm\u00e9ment \u00e9volu\u00e9 et je suis d\u00e9sormais en train de pr\u00e9parer un documentaire en m\u00eame temps qu\u2019un livre. Mon int\u00e9r\u00eat s\u2019est d\u00e9sormais focalis\u00e9 sur les marins grecs, la notion de l\u2019exotisme, le rapport entre le d\u00e9sir et la distance. Soutenue par l\u2019Institut Fran\u00e7ais et de nouveau par le Minist\u00e8re des Affaires Etrang\u00e8res, j\u2019ai pr\u00e9sent\u00e9 en juin 2011 des extraits de mon travail pendant FotoRio, la Biennale de la Photographie de Rio de Janeiro et j\u2019ai \u00e9t\u00e9 \u00e9galement s\u00e9lectionn\u00e9e pour une r\u00e9sidence artistique \u00e0 l\u2019Universit\u00e9 FAAP de Sao Paulo, o\u00f9 j\u2019explore actuellement les divers aspects de mon projet sur la mer \u00e0 travers vid\u00e9os et installations.<\/td>\n<\/tr>\n<\/tbody>\n<\/table>\n<\/div>\n<\/div><div class=\"fusion-clearfix\"><\/div><\/div><\/div><\/div><\/div>\n","protected":false},"excerpt":{"rendered":"","protected":false},"author":1,"featured_media":0,"comment_status":"open","ping_status":"open","sticky":false,"template":"","format":"standard","meta":{"_seopress_robots_primary_cat":"","_seopress_titles_title":"","_seopress_titles_desc":"","_seopress_robots_index":"","footnotes":""},"categories":[78],"tags":[],"class_list":["post-2835","post","type-post","status-publish","format-standard","hentry","category-awarded-grants"],"_links":{"self":[{"href":"https:\/\/www.fondationmdm.com\/en\/wp-json\/wp\/v2\/posts\/2835","targetHints":{"allow":["GET"]}}],"collection":[{"href":"https:\/\/www.fondationmdm.com\/en\/wp-json\/wp\/v2\/posts"}],"about":[{"href":"https:\/\/www.fondationmdm.com\/en\/wp-json\/wp\/v2\/types\/post"}],"author":[{"embeddable":true,"href":"https:\/\/www.fondationmdm.com\/en\/wp-json\/wp\/v2\/users\/1"}],"replies":[{"embeddable":true,"href":"https:\/\/www.fondationmdm.com\/en\/wp-json\/wp\/v2\/comments?post=2835"}],"version-history":[{"count":1,"href":"https:\/\/www.fondationmdm.com\/en\/wp-json\/wp\/v2\/posts\/2835\/revisions"}],"predecessor-version":[{"id":2836,"href":"https:\/\/www.fondationmdm.com\/en\/wp-json\/wp\/v2\/posts\/2835\/revisions\/2836"}],"wp:attachment":[{"href":"https:\/\/www.fondationmdm.com\/en\/wp-json\/wp\/v2\/media?parent=2835"}],"wp:term":[{"taxonomy":"category","embeddable":true,"href":"https:\/\/www.fondationmdm.com\/en\/wp-json\/wp\/v2\/categories?post=2835"},{"taxonomy":"post_tag","embeddable":true,"href":"https:\/\/www.fondationmdm.com\/en\/wp-json\/wp\/v2\/tags?post=2835"}],"curies":[{"name":"wp","href":"https:\/\/api.w.org\/{rel}","templated":true}]}}