{"id":2839,"date":"2017-07-22T19:13:30","date_gmt":"2017-07-22T17:13:30","guid":{"rendered":"http:\/\/www.ludovi.ca\/fondationmdm\/?p=2839\/"},"modified":"2017-07-22T19:13:30","modified_gmt":"2017-07-22T17:13:30","slug":"karine-lamarche","status":"publish","type":"post","link":"https:\/\/www.fondationmdm.com\/en\/karine-lamarche\/","title":{"rendered":"KARINE LAMARCHE"},"content":{"rendered":"<div class=\"fusion-fullwidth fullwidth-box fusion-builder-row-1 nonhundred-percent-fullwidth non-hundred-percent-height-scrolling fusion-equal-height-columns\" style=\"--awb-background-position:left top;--awb-border-radius-top-left:0px;--awb-border-radius-top-right:0px;--awb-border-radius-bottom-right:0px;--awb-border-radius-bottom-left:0px;--awb-padding-top:0px;--awb-padding-right:0px;--awb-padding-bottom:0px;--awb-padding-left:0px;--awb-margin-top:50px;--awb-border-sizes-top:0px;--awb-border-sizes-bottom:0px;\" ><div class=\"fusion-builder-row fusion-row\"><div class=\"fusion-layout-column fusion_builder_column fusion-builder-column-0 fusion_builder_column_1_1 1_1 fusion-one-full fusion-column-first fusion-column-last tabella-aperta\" style=\"--awb-padding-top:0px;--awb-padding-right:0px;--awb-padding-bottom:0px;--awb-padding-left:0px;--awb-bg-repeat:repeat;\"><div class=\"fusion-column-wrapper fusion-flex-column-wrapper-legacy\"><div class=\"fusion-text fusion-text-1\"><div class=\"tabella-borse\">\n<table>\n<thead>\n<tr>\n<th><strong class=\"grasso\">2007<\/strong><\/th>\n<th><em>Enqu\u00eate aupr\u00e8s de pacifistes isra\u00e9liens et palestiniens engag\u00e9s dans la lutte pour la co-existence des deux peuples, et l\u2019\u00e9laboration d\u2019un document conjuguant entrevues et photos des personnes interrog\u00e9es en des lieux embl\u00e9matiques de leur choix<br \/>\n<\/em><\/th>\n<th style=\"text-align: left;\"><strong>Nationality<\/strong>: French<br \/>\n<strong>Category<\/strong>:\u00a0Sociology<\/th>\n<\/tr>\n<\/thead>\n<tbody>\n<tr>\n<td colspan=\"3\" align=\"left\">Depuis plusieurs ann\u00e9es, je me rends en Isra\u00ebl pour rencontrer des citoyens de ce pays qui ont fait le choix de la r\u00e9sistance non-violente, au c\u00f4t\u00e9 des Palestiniens. Plusieurs de mes travaux universitaires ont \u00e9t\u00e9 publi\u00e9s et je suis intervenue dans de nombreuses conf\u00e9rences. N\u00e9anmoins, je ressentais depuis longtemps une certaine frustration \u00e0 l\u2019id\u00e9e que mes rencontres soient peu accessibles en dehors du monde acad\u00e9mique. La Fondation Marc de Montalembert, en encourageant mon projet de livre sur les militants isra\u00e9liens et palestiniens, m\u2019a donn\u00e9 l\u2019opportunit\u00e9 de concr\u00e9tiser une nouvelle \u00e9tape de ma d\u00e9marche qui vise \u00e0 diffuser le plus largement possible le fruit de mes rencontres dans cette r\u00e9gion complexe. Elle m\u2019a \u00e9galement permis de me tourner, plus que je ne l\u2019avais fait jusqu\u2019alors pour des raisons pratiques, vers les militants palestiniens qui luttent pour une r\u00e9solution non-violente du conflit, ainsi que de collaborer avec une jeune photographe isra\u00e9lienne rencontr\u00e9e pour la r\u00e9alisation de ce projet. A l\u2019heure actuelle, je recueille les derniers t\u00e9moignages qui constitueront, avec des photographies prises lors d\u2019activit\u00e9s contre l\u2019occupation, le c\u0153ur du livre que j\u2019esp\u00e8re publier prochainement. Je suis en discussion avec plusieurs \u00e9diteurs et je travaille \u00e0 la mise en forme des entretiens faits lors de mes s\u00e9jours en Isra\u00ebl\/Palestine.Le livre <strong><em>EN ATTENDANT LA CHUTE DU MUR, agir et protester en Israel aujourd\u2019hui<\/em><\/strong> de Karine Lamarche a \u00e9t\u00e9 publi\u00e9 en juin 2011 chez Gingko \u00e9diteur.<\/td>\n<\/tr>\n<\/tbody>\n<\/table>\n<\/div>\n<\/div><div class=\"fusion-clearfix\"><\/div><\/div><\/div><\/div><\/div>\n","protected":false},"excerpt":{"rendered":"","protected":false},"author":1,"featured_media":0,"comment_status":"open","ping_status":"open","sticky":false,"template":"","format":"standard","meta":{"_seopress_robots_primary_cat":"","_seopress_titles_title":"","_seopress_titles_desc":"","_seopress_robots_index":"","footnotes":""},"categories":[78],"tags":[],"class_list":["post-2839","post","type-post","status-publish","format-standard","hentry","category-awarded-grants"],"_links":{"self":[{"href":"https:\/\/www.fondationmdm.com\/en\/wp-json\/wp\/v2\/posts\/2839","targetHints":{"allow":["GET"]}}],"collection":[{"href":"https:\/\/www.fondationmdm.com\/en\/wp-json\/wp\/v2\/posts"}],"about":[{"href":"https:\/\/www.fondationmdm.com\/en\/wp-json\/wp\/v2\/types\/post"}],"author":[{"embeddable":true,"href":"https:\/\/www.fondationmdm.com\/en\/wp-json\/wp\/v2\/users\/1"}],"replies":[{"embeddable":true,"href":"https:\/\/www.fondationmdm.com\/en\/wp-json\/wp\/v2\/comments?post=2839"}],"version-history":[{"count":1,"href":"https:\/\/www.fondationmdm.com\/en\/wp-json\/wp\/v2\/posts\/2839\/revisions"}],"predecessor-version":[{"id":2840,"href":"https:\/\/www.fondationmdm.com\/en\/wp-json\/wp\/v2\/posts\/2839\/revisions\/2840"}],"wp:attachment":[{"href":"https:\/\/www.fondationmdm.com\/en\/wp-json\/wp\/v2\/media?parent=2839"}],"wp:term":[{"taxonomy":"category","embeddable":true,"href":"https:\/\/www.fondationmdm.com\/en\/wp-json\/wp\/v2\/categories?post=2839"},{"taxonomy":"post_tag","embeddable":true,"href":"https:\/\/www.fondationmdm.com\/en\/wp-json\/wp\/v2\/tags?post=2839"}],"curies":[{"name":"wp","href":"https:\/\/api.w.org\/{rel}","templated":true}]}}