{"id":2887,"date":"2017-07-23T14:59:24","date_gmt":"2017-07-23T12:59:24","guid":{"rendered":"http:\/\/www.ludovi.ca\/fondationmdm\/?p=2887\/"},"modified":"2017-07-23T14:59:24","modified_gmt":"2017-07-23T12:59:24","slug":"vincent-bizien","status":"publish","type":"post","link":"https:\/\/www.fondationmdm.com\/en\/vincent-bizien\/","title":{"rendered":"VINCENT BIZIEN"},"content":{"rendered":"<div class=\"fusion-fullwidth fullwidth-box fusion-builder-row-1 nonhundred-percent-fullwidth non-hundred-percent-height-scrolling fusion-equal-height-columns\" style=\"--awb-background-position:left top;--awb-border-radius-top-left:0px;--awb-border-radius-top-right:0px;--awb-border-radius-bottom-right:0px;--awb-border-radius-bottom-left:0px;--awb-padding-top:0px;--awb-padding-right:0px;--awb-padding-bottom:0px;--awb-padding-left:0px;--awb-margin-top:50px;--awb-border-sizes-top:0px;--awb-border-sizes-bottom:0px;\" ><div class=\"fusion-builder-row fusion-row\"><div class=\"fusion-layout-column fusion_builder_column fusion-builder-column-0 fusion_builder_column_1_1 1_1 fusion-one-full fusion-column-first fusion-column-last tabella-aperta\" style=\"--awb-padding-top:0px;--awb-padding-right:0px;--awb-padding-bottom:0px;--awb-padding-left:0px;--awb-bg-repeat:repeat;\"><div class=\"fusion-column-wrapper fusion-flex-column-wrapper-legacy\"><div class=\"fusion-text fusion-text-1\"><div class=\"tabella-borse\">\n<table>\n<thead>\n<tr>\n<th><strong class=\"grasso\">1995<\/strong><\/th>\n<th><em>Peintures r\u00e9alis\u00e9es \u00e0 partir des fresques du cycle de la Vraie Croix de Piero della Francesca, Arezzo, Italie<\/em><\/th>\n<th style=\"text-align: left;\">Nationality: <strong class=\"grasso\">France<\/strong><br \/>\nCategory: <strong class=\"grasso\">Painting<\/strong><\/th>\n<\/tr>\n<\/thead>\n<tbody>\n<tr>\n<td colspan=\"3\" align=\"left\">D\u00e8s 1993 j\u2019ai commenc\u00e9 un travail de recherches picturales sur les fresques de Piero della Francesca accompagn\u00e9 par la lecture d\u2019un livre \u00e9crit en 1265 par Jacques de Voragine sur l\u2019invention de la croix et l\u2019exaltation de la vraie croix consid\u00e9r\u00e9es comme la source du cycle de la Vraie Croix de Piero della Francesca (\u2026) En 1997, \u00e0 Arezzo, face aux fresques un v\u00e9ritable choc : Piero della Francesca savait parfaitement cr\u00e9er l\u2019illusion de la profondeur gr\u00e2ce \u00e0 la perspective et la fa\u00e7on dont il posait la lumi\u00e8re mais il pouvait en m\u00eame temps comprimer les objets dans un plan frontal, cr\u00e9ant un espace symbolique o\u00f9 les formes ne sont ni compl\u00e8tes ni tout \u00e0 fait lisibles, une sorte de pi\u00e8ge \u00e0 regard. C\u2019est ce jeu qui me fascina (\u2026) et je compris que je devais me situer vraiment du c\u00f4t\u00e9 de la peinture et mettre de c\u00f4t\u00e9 le caract\u00e8re historique et religieux. (\u2026)<\/p>\n<p>Le dessin qui se situe du c\u00f4t\u00e9 de la pens\u00e9e, proche d\u2019une \u00e9criture automatique, atomise parfois de lui-m\u00eame le sujet et j\u2019avance ainsi en faisant des digressions qui me conduisent ailleurs. A cette \u00e9poque j\u2019ai donc r\u00e9alis\u00e9 une s\u00e9rie d\u2019\u0153uvres qui m\u00ealent diff\u00e9rents aspects en utilisant une technique qui s\u2019approchait de la fresque : on y retrouvait des imbrications de maisons, des lignes, des plans, des parties de corps humain ou animal que m\u2019avaient inspir\u00e9 les fresques.<\/p>\n<p>&nbsp;<\/td>\n<\/tr>\n<\/tbody>\n<\/table>\n<\/div>\n<\/div><div class=\"fusion-clearfix\"><\/div><\/div><\/div><\/div><\/div>\n","protected":false},"excerpt":{"rendered":"","protected":false},"author":2,"featured_media":0,"comment_status":"open","ping_status":"open","sticky":false,"template":"","format":"standard","meta":{"_seopress_robots_primary_cat":"","_seopress_titles_title":"","_seopress_titles_desc":"","_seopress_robots_index":"","footnotes":""},"categories":[78],"tags":[],"class_list":["post-2887","post","type-post","status-publish","format-standard","hentry","category-awarded-grants"],"_links":{"self":[{"href":"https:\/\/www.fondationmdm.com\/en\/wp-json\/wp\/v2\/posts\/2887","targetHints":{"allow":["GET"]}}],"collection":[{"href":"https:\/\/www.fondationmdm.com\/en\/wp-json\/wp\/v2\/posts"}],"about":[{"href":"https:\/\/www.fondationmdm.com\/en\/wp-json\/wp\/v2\/types\/post"}],"author":[{"embeddable":true,"href":"https:\/\/www.fondationmdm.com\/en\/wp-json\/wp\/v2\/users\/2"}],"replies":[{"embeddable":true,"href":"https:\/\/www.fondationmdm.com\/en\/wp-json\/wp\/v2\/comments?post=2887"}],"version-history":[{"count":1,"href":"https:\/\/www.fondationmdm.com\/en\/wp-json\/wp\/v2\/posts\/2887\/revisions"}],"predecessor-version":[{"id":2888,"href":"https:\/\/www.fondationmdm.com\/en\/wp-json\/wp\/v2\/posts\/2887\/revisions\/2888"}],"wp:attachment":[{"href":"https:\/\/www.fondationmdm.com\/en\/wp-json\/wp\/v2\/media?parent=2887"}],"wp:term":[{"taxonomy":"category","embeddable":true,"href":"https:\/\/www.fondationmdm.com\/en\/wp-json\/wp\/v2\/categories?post=2887"},{"taxonomy":"post_tag","embeddable":true,"href":"https:\/\/www.fondationmdm.com\/en\/wp-json\/wp\/v2\/tags?post=2887"}],"curies":[{"name":"wp","href":"https:\/\/api.w.org\/{rel}","templated":true}]}}