{"id":4982,"date":"2024-12-05T14:54:23","date_gmt":"2024-12-05T13:54:23","guid":{"rendered":"https:\/\/www.fondationmdm.com\/appel-a-communication-camille-enlart-albert-gabriel\/"},"modified":"2024-12-09T16:31:18","modified_gmt":"2024-12-09T15:31:18","slug":"call-for-papers-camille-enlart-and-albert-gabriel","status":"publish","type":"post","link":"https:\/\/www.fondationmdm.com\/en\/call-for-papers-camille-enlart-and-albert-gabriel\/","title":{"rendered":"Call for papers"},"content":{"rendered":"<div class=\"fusion-fullwidth fullwidth-box fusion-builder-row-1 nonhundred-percent-fullwidth non-hundred-percent-height-scrolling\" style=\"--awb-border-radius-top-left:0px;--awb-border-radius-top-right:0px;--awb-border-radius-bottom-right:0px;--awb-border-radius-bottom-left:0px;\" ><div class=\"fusion-builder-row fusion-row\"><div class=\"fusion-layout-column fusion_builder_column fusion-builder-column-0 fusion_builder_column_1_1 1_1 fusion-one-full fusion-column-first fusion-column-last\" style=\"--awb-bg-blend:overlay;--awb-bg-size:cover;\"><div class=\"fusion-column-wrapper fusion-flex-column-wrapper-legacy\"><div class=\"fusion-text fusion-text-1\"><p><span lang=\"EN-GB\">Call for papers of the Ecole fran\u00e7aise d\u2019Ath\u00e8nes\u00a0<\/span><a href=\"https:\/\/www.efa.gr\/appel-a-communication-camille-enlart-albert-gabriel\/\" target=\"_blank\" rel=\"noopener\" data-saferedirecturl=\"https:\/\/www.google.com\/url?q=https:\/\/www.efa.gr\/appel-a-communication-camille-enlart-albert-gabriel\/&amp;source=gmail&amp;ust=1733479998563000&amp;usg=AOvVaw1cHxhr-9OlOmlHkKGFOOxW\"><span lang=\"EN-GB\">https:\/\/www.efa.gr\/appel-a-<wbr \/>communication-camille-enlart-<wbr \/>albert-gabriel\/<\/span><\/a>\u00a0<span lang=\"EN\">in view of the conference\u00a0<i>Camille Enlart and Albert Gabriel, art historians and archaeologists of Frankish Greece<\/i> that the Foundation will host in Rhodes in October 2025.<\/span><\/p>\n<\/div><div class=\"fusion-clearfix\"><\/div><\/div><\/div><\/div><\/div>\n","protected":false},"excerpt":{"rendered":"<p>Call for papers of the Ecole fran\u00e7aise d\u2019Ath\u00e8nes\u00a0in view of the conference\u00a0&#8220;Camille Enlart and Albert Gabriel, art historians and archaeologists of Frankish Greece&#8221;\u00a0that the Foundation will host in Rhodes in October 2025.<\/p>\n","protected":false},"author":2,"featured_media":4660,"comment_status":"closed","ping_status":"closed","sticky":false,"template":"","format":"standard","meta":{"_seopress_robots_primary_cat":"none","_seopress_titles_title":"Prix Marc de Montalembert 2022","_seopress_titles_desc":"Journ\u00e9e d\u2019ouverture annuelle de la Fondation \u00e0 Rhodes avec remise de la bourse 2024 et exposition des c\u00e9ramiques r\u00e9alis\u00e9es par la laur\u00e9ate 2023.","_seopress_robots_index":"","footnotes":""},"categories":[75],"tags":[97],"class_list":["post-4982","post","type-post","status-publish","format-standard","has-post-thumbnail","hentry","category-news","tag-prix-marc-de-montalembert-2019-en"],"_links":{"self":[{"href":"https:\/\/www.fondationmdm.com\/en\/wp-json\/wp\/v2\/posts\/4982","targetHints":{"allow":["GET"]}}],"collection":[{"href":"https:\/\/www.fondationmdm.com\/en\/wp-json\/wp\/v2\/posts"}],"about":[{"href":"https:\/\/www.fondationmdm.com\/en\/wp-json\/wp\/v2\/types\/post"}],"author":[{"embeddable":true,"href":"https:\/\/www.fondationmdm.com\/en\/wp-json\/wp\/v2\/users\/2"}],"replies":[{"embeddable":true,"href":"https:\/\/www.fondationmdm.com\/en\/wp-json\/wp\/v2\/comments?post=4982"}],"version-history":[{"count":4,"href":"https:\/\/www.fondationmdm.com\/en\/wp-json\/wp\/v2\/posts\/4982\/revisions"}],"predecessor-version":[{"id":4997,"href":"https:\/\/www.fondationmdm.com\/en\/wp-json\/wp\/v2\/posts\/4982\/revisions\/4997"}],"wp:featuredmedia":[{"embeddable":true,"href":"https:\/\/www.fondationmdm.com\/en\/wp-json\/wp\/v2\/media\/4660"}],"wp:attachment":[{"href":"https:\/\/www.fondationmdm.com\/en\/wp-json\/wp\/v2\/media?parent=4982"}],"wp:term":[{"taxonomy":"category","embeddable":true,"href":"https:\/\/www.fondationmdm.com\/en\/wp-json\/wp\/v2\/categories?post=4982"},{"taxonomy":"post_tag","embeddable":true,"href":"https:\/\/www.fondationmdm.com\/en\/wp-json\/wp\/v2\/tags?post=4982"}],"curies":[{"name":"wp","href":"https:\/\/api.w.org\/{rel}","templated":true}]}}