{"id":2641,"date":"2017-07-19T12:02:25","date_gmt":"2017-07-19T10:02:25","guid":{"rendered":"http:\/\/www.ludovi.ca\/fondationmdm\/?p=2641\/"},"modified":"2018-06-27T03:05:22","modified_gmt":"2018-06-27T01:05:22","slug":"marine-messina","status":"publish","type":"post","link":"https:\/\/www.fondationmdm.com\/it\/marine-messina\/","title":{"rendered":"MARINE MESSINA"},"content":{"rendered":"<div class=\"fusion-fullwidth fullwidth-box fusion-builder-row-1 nonhundred-percent-fullwidth non-hundred-percent-height-scrolling fusion-equal-height-columns\" style=\"--awb-background-position:left top;--awb-border-radius-top-left:0px;--awb-border-radius-top-right:0px;--awb-border-radius-bottom-right:0px;--awb-border-radius-bottom-left:0px;--awb-padding-top:0px;--awb-padding-right:0px;--awb-padding-bottom:0px;--awb-padding-left:0px;--awb-margin-top:50px;--awb-border-sizes-top:0px;--awb-border-sizes-bottom:0px;\" ><div class=\"fusion-builder-row fusion-row\"><div class=\"fusion-layout-column fusion_builder_column fusion-builder-column-0 fusion_builder_column_1_1 1_1 fusion-one-full fusion-column-first fusion-column-last tabella-aperta\" style=\"--awb-padding-top:0px;--awb-padding-right:0px;--awb-padding-bottom:0px;--awb-padding-left:0px;--awb-bg-repeat:repeat;\"><div class=\"fusion-column-wrapper fusion-flex-column-wrapper-legacy\"><div class=\"fusion-text fusion-text-1\"><div class=\"tabella-borse\">\n<table>\n<thead>\n<tr>\n<th><strong class=\"grasso\">2017<\/strong><\/th>\n<th><em>Mots pour maux, paroles de r\u00e9fugi\u00e9s<br \/>\n<\/em><\/th>\n<th style=\"text-align: left;\">Nazionalit\u00e0: <strong class=\"grasso\">Francia<\/strong><br \/>\nCategoria:\u00a0<strong class=\"grasso\">Testimonianza umanitaria, letteratura<\/strong><\/th>\n<\/tr>\n<\/thead>\n<tbody>\n<tr>\n<td colspan=\"3\" align=\"left\"><strong>Descrizione del progetto<br \/>\n<\/strong>Initialement, le projet s\u2019intitulait : \u00ab Mots pour maux, paroles de r\u00e9fugi\u00e9s \u00bb. Son objectif \u00e9tait de raconter la trajectoire de jeunes qui ont pris la route de l\u2019exil seuls, enfants et adolescents, ceux que l\u2019on nomme les \u00ab mineurs non accompagn\u00e9s \u00bb. Alors qu\u2019on ne parle que de crise migratoire et de \u00ab flux de migrants \u00bb, le but \u00e9tait de partir \u00e0 la rencontre de personnes, d\u2019individualit\u00e9s, pour raconter ces jeunes, leur donner chair, une voix et un visage, et qu\u2019ils soient incarn\u00e9s dans un ouvrage qui retracerait leur r\u00e9cit.<\/p>\n<p>Je suis partie six mois sur les routes de la M\u00e9diterran\u00e9e, en Gr\u00e8ce, en Turquie, dans le Kurdistan turc, en Jordanie et \u00e0 Chypre. J\u2019ai pris le temps de l\u2019immersion, le pari de l\u2019int\u00e9gration sur place, pour passer le plus de temps possible avec mes interlocuteurs, et partager un peu de leur quotidien.<br \/>\nComment on avance, lorsqu\u2019on d\u00e9barque dans un pays inconnu sans sa famille, sans mentor pour nous guider ? Comment on se construit, \u00e0 14 ou 15 ans, et qu\u2019on vit dans un camp de r\u00e9fugi\u00e9s ? Est-ce qu\u2019on grandit encore, ou est ce qu\u2019on survit ? Comment g\u00e9rer l\u2019exil, dans quelle langue raconte-t-on l\u2019absence ? Est-ce qu\u2019on a encore des r\u00eaves ?<\/p>\n<p><strong>Biografia della vincitrice<\/strong><br \/>\nJe suis petite-fille de la M\u00e9diterran\u00e9e : mes grands-parents ont fui la Sicile pour se r\u00e9fugier en Tunisie, leurs propres enfants ont quitt\u00e9 Tunis pour Marseille. Dans ma famille, on plaisante en sicilien et s\u2019\u00e9nerve en dialecte tunisien, notre langue est aussi multiple que le sont nos origines. Forte de cet h\u00e9ritage, apr\u00e8s une exp\u00e9rience de journaliste \u00e0 Paris, j\u2019ai pris la route du sud, pour partir m\u2019installer \u00e0 Chypre, carrefour au c\u0153ur de la M\u00e9diterran\u00e9e. J\u2019ai travaill\u00e9 comme m\u00e9diatrice culturelle dans un foyer pour mineurs isol\u00e9s et jeunes r\u00e9fugi\u00e9s pendant un an et demi, avant de me lancer dans la bourse \u00e0 projet Marc de Montalembert.<\/p>\n<p><strong>Risultato del progetto<\/strong><br \/>\nLe projet \u00ab Mots pour Maux \u00bb allie \u00e9criture et actualit\u00e9 : un an apr\u00e8s mon d\u00e9part, alors que les fronti\u00e8res europ\u00e9ennes ne cessent de se clore, que les l\u00e9gislations se durcissent, la question des mineurs vuln\u00e9rables reste br\u00fblante.<br \/>\nSuite \u00e0 mes immersions de terrain, j\u2019ai \u00e9crit un ouvrage, \u00ab Le vertige des acrobates \u00bb, qui relate les histoires de tous ces adolescents crois\u00e9s sur la route de l\u2019exil. Pourquoi les \u00ab acrobates \u00bb ? Car ils m&#8217;ont fait penser \u00e0 de petits funambules, toujours sur la corde raide, en proie au vertige, avan\u00e7ant \u00e0 l&#8217;aveugle, mais avan\u00e7ant quand m\u00eame. Un pas devant l&#8217;autre, un mot apr\u00e8s l&#8217;autre.<br \/>\nGr\u00e2ce \u00e0 la bourse Marc de Montalembert, j\u2019ai pu retranscrire leurs mots, leurs histoires. Tout ce qui a \u00e9t\u00e9 \u00e9crit et consign\u00e9 dans ce roman est r\u00e9el, s&#8217;est d\u00e9roul\u00e9, sans \u00e9dulcoration. Ce livre leur donne la parole, agit comme un \u00ab haut-parleur \u00bb pour nous permettre de tendre l\u2019oreille et d\u2019apprendre de leur r\u00e9silience et leur courage hors-normes.<\/p>\n<p><iframe src=\"\/\/www.youtube.com\/embed\/U8Hgs9BSXLc\" width=\"560\" height=\"314\" allowfullscreen=\"allowfullscreen\"><\/iframe><\/td>\n<\/tr>\n<\/tbody>\n<\/table>\n<\/div>\n<\/div><div class=\"fusion-clearfix\"><\/div><\/div><\/div><\/div><\/div>\n","protected":false},"excerpt":{"rendered":"","protected":false},"author":1,"featured_media":0,"comment_status":"open","ping_status":"open","sticky":false,"template":"","format":"standard","meta":{"_seopress_robots_primary_cat":"","_seopress_titles_title":"","_seopress_titles_desc":"","_seopress_robots_index":"","footnotes":""},"categories":[76],"tags":[],"class_list":["post-2641","post","type-post","status-publish","format-standard","hentry","category-borse-attribuite"],"_links":{"self":[{"href":"https:\/\/www.fondationmdm.com\/it\/wp-json\/wp\/v2\/posts\/2641","targetHints":{"allow":["GET"]}}],"collection":[{"href":"https:\/\/www.fondationmdm.com\/it\/wp-json\/wp\/v2\/posts"}],"about":[{"href":"https:\/\/www.fondationmdm.com\/it\/wp-json\/wp\/v2\/types\/post"}],"author":[{"embeddable":true,"href":"https:\/\/www.fondationmdm.com\/it\/wp-json\/wp\/v2\/users\/1"}],"replies":[{"embeddable":true,"href":"https:\/\/www.fondationmdm.com\/it\/wp-json\/wp\/v2\/comments?post=2641"}],"version-history":[{"count":5,"href":"https:\/\/www.fondationmdm.com\/it\/wp-json\/wp\/v2\/posts\/2641\/revisions"}],"predecessor-version":[{"id":3453,"href":"https:\/\/www.fondationmdm.com\/it\/wp-json\/wp\/v2\/posts\/2641\/revisions\/3453"}],"wp:attachment":[{"href":"https:\/\/www.fondationmdm.com\/it\/wp-json\/wp\/v2\/media?parent=2641"}],"wp:term":[{"taxonomy":"category","embeddable":true,"href":"https:\/\/www.fondationmdm.com\/it\/wp-json\/wp\/v2\/categories?post=2641"},{"taxonomy":"post_tag","embeddable":true,"href":"https:\/\/www.fondationmdm.com\/it\/wp-json\/wp\/v2\/tags?post=2641"}],"curies":[{"name":"wp","href":"https:\/\/api.w.org\/{rel}","templated":true}]}}