{"id":2646,"date":"2017-07-19T12:10:00","date_gmt":"2017-07-19T10:10:00","guid":{"rendered":"http:\/\/www.ludovi.ca\/fondationmdm\/?p=2646\/"},"modified":"2017-07-21T15:44:49","modified_gmt":"2017-07-21T13:44:49","slug":"judith-bouchier-vegis","status":"publish","type":"post","link":"https:\/\/www.fondationmdm.com\/it\/judith-bouchier-vegis\/","title":{"rendered":"JUDITH BOUCHIER VEGIS"},"content":{"rendered":"<div class=\"fusion-fullwidth fullwidth-box fusion-builder-row-1 nonhundred-percent-fullwidth non-hundred-percent-height-scrolling fusion-equal-height-columns\" style=\"--awb-background-position:left top;--awb-border-radius-top-left:0px;--awb-border-radius-top-right:0px;--awb-border-radius-bottom-right:0px;--awb-border-radius-bottom-left:0px;--awb-padding-top:0px;--awb-padding-right:0px;--awb-padding-bottom:0px;--awb-padding-left:0px;--awb-margin-top:50px;--awb-border-sizes-top:0px;--awb-border-sizes-bottom:0px;\" ><div class=\"fusion-builder-row fusion-row\"><div class=\"fusion-layout-column fusion_builder_column fusion-builder-column-0 fusion_builder_column_1_1 1_1 fusion-one-full fusion-column-first fusion-column-last tabella-aperta\" style=\"--awb-padding-top:0px;--awb-padding-right:0px;--awb-padding-bottom:0px;--awb-padding-left:0px;--awb-bg-repeat:repeat;\"><div class=\"fusion-column-wrapper fusion-flex-column-wrapper-legacy\"><div class=\"fusion-text fusion-text-1\"><div class=\"tabella-borse\">\n<table>\n<thead>\n<tr>\n<th><strong class=\"grasso\">2015<\/strong><\/th>\n<th><em>Sir\u00e8nes, Muses et M\u00e9duses<br \/>\n<\/em><\/th>\n<th style=\"text-align: left;\">Nazionalit\u00e0: <strong class=\"grasso\">Francia<\/strong><br \/>\nCat\u00e9gorie: <strong class=\"grasso\">Teatro musicale<\/strong><\/th>\n<\/tr>\n<\/thead>\n<tbody>\n<tr>\n<td colspan=\"3\" align=\"left\"><strong>Descrizione del progetto: <\/strong><\/p>\n<p>L\u2019intitul\u00e9 initial du projet \u00e9tait\u00a0: \u00ab\u00a0Identit\u00e9s f\u00e9minines d\u2019Italie, Gr\u00e8ce et Bulgarie \u00e0 travers le chant traditionnel et son histoire : de sa naissance \u00e0 aujourd\u2019hui, jusqu\u2019\u00e0 son impact sur les musiques actuelles\u00a0\u00bb. Le but \u00e9tait de rencontrer et enregistrer des femmes dans ces pays qui portent en elles des traditions musicales, les transmettent et les utilisent dans leur musique actuelle afin de faire des portraits de ces figures f\u00e9minines.<\/p>\n<p>Au d\u00e9part, je voulais voir les paysages et les corps d\u2019o\u00f9 naissaient les chants f\u00e9minins que j\u2019avais entendu. J\u2019imaginais les montagnes bulgares, les chants d\u2019olives italiens et grecs. Les \u00eeles. Les mers, les terres. Et les visages, les mouvements, les gestes de ces voix.<\/p>\n<p>Mes origines aussi. Avec une grand-m\u00e8re sarde, un p\u00e8re qui a grandit en Alg\u00e9rie, et une enfance \u00e0 Marseille, la M\u00e9diterran\u00e9e m\u2019appelle. Lorsque j\u2019avais neuf mois, mes parents, mes fr\u00e8res et moi sommes partis un \u00e9t\u00e9 en Roumanie en camion. Nous dormions et vivions dedans. Je ne sais pas ce qu\u2019il me reste de ce voyage mais la route, les Balkans et leur musique ont toujours r\u00e9sonn\u00e9 d\u2019une mani\u00e8re intime en moi.\u00a0 J\u2019ai voulu faire des portraits sonores de chanteuses en M\u00e9diterran\u00e9e. Il fallait que je puisse aller \u00e0 leur rencontre, que je voie leur terre d\u2019origine et que j\u2019entende leur chant r\u00e9sonner dans ces espaces.<\/p>\n<p>J\u2019ai travaill\u00e9 7 mois \u00e0 la r\u00e9novation d\u2019une 2CV fourgonnette que j\u2019ai am\u00e9nag\u00e9e avec mon p\u00e8re pour pouvoir y dormir et y vivre pendant le voyage. J\u2019y ai install\u00e9 mon piano num\u00e9rique, j\u2019ai pr\u00e9par\u00e9 mon itin\u00e9raire et mon carnet de contacts et je suis partie. J\u2019ai parcouru 9100 km en 5 mois.<\/p>\n<p>J\u2019ai pris le bateau pour la Corse, puis la Sardaigne, la Sicile, la Calabre, l\u2019Albanie, la Mac\u00e9doine, la Bulgarie jusqu\u2019\u00e0 Varna, puis la Gr\u00e8ce, jusqu\u2019\u00e0 Ath\u00e8nes et Patras, puis de retour en Italie, dans les Pouilles pour remonter jusqu\u2019\u00e0 Marseille en passant par Rome, Florence et Bologne. J\u2019ai rencontr\u00e9 17 chanteuses dans ces 4 pays, et j\u2019ai enregistr\u00e9 en moyenne 3h d\u2019interviews et de chant par chanteuse.<\/p>\n<p>Voir <a href=\"http:\/\/www.ciefilalo.com\/#%21sirenes-muses-et-meduses\/c10fk\" target=\"_blank\" rel=\"noopener\">http:\/\/www.ciefilalo.com\/#!sirenes-muses-et-meduses\/c10fk<\/a><\/p>\n<p><strong>Biographie de l\u2019Auteur: <\/strong><\/p>\n<p>J\u2019ai commenc\u00e9 \u00e0 travailler comme com\u00e9dienne professionnelle en 2009 pour du th\u00e9\u00e2tre jeune public, du th\u00e9\u00e2tre physique et musical. Je faisais aussi partie d\u2019un jeune collectif d\u2019artistes \u00e0 Paris, la R\u00e9trogarde, qui proposait un th\u00e9\u00e2tre de mouvement, tr\u00e8s li\u00e9 \u00e0 la musique et \u00e0 l\u2019exp\u00e9rimentation et la performance. Par la suite, je suis all\u00e9e me former \u00e0 LASSAAD Ecole Internationale de Th\u00e9\u00e2tre de Mouvement \u00e0 Bruxelles, de 2011 \u00e0 2013.<\/p>\n<p>J\u2019ai une formation musicale en piano classique et jazz, et j\u2019ai suivit les cours de Martina A.Catella ethnomusicologue \u00e0 Paris et fondatrice des Glottes Trotters Centre de recherche et de formation vocale Martina A.Catella.<\/p>\n<p>Depuis janvier 2015, j\u2019ai fond\u00e9 la compagnie de th\u00e9\u00e2tre musical en mouvement Filalo ! \u00e0 Marseille, qui propose un th\u00e9\u00e2tre de cr\u00e9ation qui s\u2019appuie sur plusieurs m\u00e9diums artistiques ; principalement le mouvement et la musique mais il peut faire appel \u00e0 la po\u00e9sie, la litt\u00e9rature, la danse, la vid\u00e9o, la photographie, aux arts-plastiques et aux arts du cirque.<\/p>\n<p><strong>R\u00e9sultat du projet: <\/strong><\/p>\n<p>Actuellement je travaille au montage d\u2019\u00e9pisodes radiophoniques de 20 min par portrait \/chanteuse diffus\u00e9s sur Radio Grenouille durant l\u2019\u00e9t\u00e9 2016 puis 2017.<br \/>\nPour \u00e9couter ces \u00e9pisodes : <a href=\"https:\/\/www.ciefilalo.com\/les-emissions-radio\" target=\"_blank\" rel=\"noopener\">https:\/\/www.ciefilalo.com\/les-emissions-radio<\/a><\/p>\n<p>Par la suite, je voudrais \u00e9crire sur ces femmes et d\u00e9dier \u00e0 chacune un texte po\u00e9tique accompagn\u00e9 d\u2019une bande sonore r\u00e9alis\u00e9e \u00e0 partir de la mati\u00e8re tri\u00e9e. R\u00e9unir ces compositions et textes sous forme d\u2019un live audio.<\/p>\n<p>Ce livre audio serait alors la mati\u00e8re premi\u00e8re constituante d\u2019une forme d\u2019op\u00e9ra contemporain que j\u2019aimerai r\u00e9aliser et mettre en sc\u00e8ne dans les prochaines ann\u00e9es \u00e0 venir.<\/td>\n<\/tr>\n<\/tbody>\n<\/table>\n<\/div>\n<\/div><div class=\"fusion-clearfix\"><\/div><\/div><\/div><\/div><\/div>\n","protected":false},"excerpt":{"rendered":"","protected":false},"author":1,"featured_media":0,"comment_status":"open","ping_status":"open","sticky":false,"template":"","format":"standard","meta":{"_seopress_robots_primary_cat":"","_seopress_titles_title":"","_seopress_titles_desc":"","_seopress_robots_index":"","footnotes":""},"categories":[76],"tags":[],"class_list":["post-2646","post","type-post","status-publish","format-standard","hentry","category-borse-attribuite"],"_links":{"self":[{"href":"https:\/\/www.fondationmdm.com\/it\/wp-json\/wp\/v2\/posts\/2646","targetHints":{"allow":["GET"]}}],"collection":[{"href":"https:\/\/www.fondationmdm.com\/it\/wp-json\/wp\/v2\/posts"}],"about":[{"href":"https:\/\/www.fondationmdm.com\/it\/wp-json\/wp\/v2\/types\/post"}],"author":[{"embeddable":true,"href":"https:\/\/www.fondationmdm.com\/it\/wp-json\/wp\/v2\/users\/1"}],"replies":[{"embeddable":true,"href":"https:\/\/www.fondationmdm.com\/it\/wp-json\/wp\/v2\/comments?post=2646"}],"version-history":[{"count":2,"href":"https:\/\/www.fondationmdm.com\/it\/wp-json\/wp\/v2\/posts\/2646\/revisions"}],"predecessor-version":[{"id":2788,"href":"https:\/\/www.fondationmdm.com\/it\/wp-json\/wp\/v2\/posts\/2646\/revisions\/2788"}],"wp:attachment":[{"href":"https:\/\/www.fondationmdm.com\/it\/wp-json\/wp\/v2\/media?parent=2646"}],"wp:term":[{"taxonomy":"category","embeddable":true,"href":"https:\/\/www.fondationmdm.com\/it\/wp-json\/wp\/v2\/categories?post=2646"},{"taxonomy":"post_tag","embeddable":true,"href":"https:\/\/www.fondationmdm.com\/it\/wp-json\/wp\/v2\/tags?post=2646"}],"curies":[{"name":"wp","href":"https:\/\/api.w.org\/{rel}","templated":true}]}}