{"id":2649,"date":"2017-07-19T12:12:43","date_gmt":"2017-07-19T10:12:43","guid":{"rendered":"http:\/\/www.ludovi.ca\/fondationmdm\/?p=2649\/"},"modified":"2017-07-21T15:46:57","modified_gmt":"2017-07-21T13:46:57","slug":"alessia-leofreddi","status":"publish","type":"post","link":"https:\/\/www.fondationmdm.com\/it\/alessia-leofreddi\/","title":{"rendered":"ALESSIA LEOFREDDI"},"content":{"rendered":"<div class=\"fusion-fullwidth fullwidth-box fusion-builder-row-1 nonhundred-percent-fullwidth non-hundred-percent-height-scrolling fusion-equal-height-columns\" style=\"--awb-background-position:left top;--awb-border-radius-top-left:0px;--awb-border-radius-top-right:0px;--awb-border-radius-bottom-right:0px;--awb-border-radius-bottom-left:0px;--awb-padding-top:0px;--awb-padding-right:0px;--awb-padding-bottom:0px;--awb-padding-left:0px;--awb-margin-top:50px;--awb-border-sizes-top:0px;--awb-border-sizes-bottom:0px;\" ><div class=\"fusion-builder-row fusion-row\"><div class=\"fusion-layout-column fusion_builder_column fusion-builder-column-0 fusion_builder_column_1_1 1_1 fusion-one-full fusion-column-first fusion-column-last tabella-aperta\" style=\"--awb-padding-top:0px;--awb-padding-right:0px;--awb-padding-bottom:0px;--awb-padding-left:0px;--awb-bg-repeat:repeat;\"><div class=\"fusion-column-wrapper fusion-flex-column-wrapper-legacy\"><div class=\"fusion-text fusion-text-1\"><div class=\"tabella-borse\">\n<table>\n<thead>\n<tr>\n<th><strong class=\"grasso\">2014<\/strong><\/th>\n<th><em>La liturgie orthodoxe : le \u201cdrame en musique\u201d de la chr\u00e9tient\u00e9 d\u2019Orient. Une \u00e9tude de la liturgie en Serbie, Bosnie-Herzegovine et Montenegro.<br \/>\n<\/em><\/th>\n<th style=\"text-align: left;\">Nazionalit\u00e0: <strong class=\"grasso\">Italia<\/strong><br \/>\nCat\u00e9gorie: <strong class=\"grasso\">Sociologia<\/strong><\/th>\n<\/tr>\n<\/thead>\n<tbody>\n<tr>\n<td colspan=\"3\" align=\"left\"><strong>Descrizione del progetto: <\/strong>Il mio progetto \u00e8 stato un\u2019immersione all\u2019interno del mondo cristiano ortodosso dei Balcani occidentali con lo scopo di registrare i tentativi di rinnovamento di cui \u00e8 attualmente oggetto il rito bizantino nella Chiesa ortodossa serba. Il permanere di un rito cos\u00ec antico, praticato nel mondo contemporaneo, mi ha spinto a chiedermi quale fosse il suo rapporto con la modernit\u00e0 e quali fossero, nei paesi ortodossi, gli aspetti culturali che permettevano la sua resistenza.<\/p>\n<p>Grazie alla fondazione Marc de Montalembert ho avuto l\u2019opportunit\u00e0 di spendere pi\u00f9 di un anno viaggiando in Serbia, Bosnia, Montenegro e Kosovo. In ognuno di questi paesi ho selezionato un certo numero di citt\u00e0, villaggi e monasteri (sulla base della loro importanza per la storia passata o recente e per la possibilit\u00e0 di avere l\u00ec dei contatti) e l\u00ec ho partecipato alle liturgie domenicali, registrandone le differenze e intervistando ecclesiastici, fedeli, storici e antropologi. Ho visitato le cattedrali di Belgrado, Sarajevo e Podgorica e soggiornato negli antichi monasteri della vecchia Ra\u0161ka e del Kosovo, riuscendo a condividere la vita quotidiana non solo di comunit\u00e0 religiose femminili ma anche maschili. Ho indagato realt\u00e0 drammatiche e conflittuali come quella di Srebrenica o di Tuzla, partecipando ai loro cerimoniali, parlando con i loro preti e verificando gli effetti dell\u2019ultima guerra sul rapporto tra la popolazione e la religione. Sono salita sul monte Kablar avamposto dei monaci scismatici di Artemije, vescovo kosovaro, conservatore e ribelle che grande importanza ha avuto rispetto alla discussione sulla possibilit\u00e0 di un rinnovamento o meno della liturgia. Ho girato in lungo e in largo il Montenegro registrando l\u2019impatto che la personalit\u00e0 del suo metropolita e le questioni aperte con la Serbia hanno avuto sulla questione della riforma liturgica.<\/p>\n<p>Attraverso i miei incontri, i miei studi e le mie osservazioni ho cercato di ricostruire una sorta di \u201cmappatura\u201d liturgica tentando d\u2019individuare i modi in cui la liturgia veniva modificata a seconda dei diversi Paesi (o regioni) e delle diverse dinamiche storiche, politiche e sociali che li attraversano. Le mie esplorazioni mi hanno fatto partecipare ad una realt\u00e0 in cui a volte il confine tra teologia e politica diventava estremamente sottile rendendo il rapporto tra la liturgia serba e la modernit\u00e0 influenzato sia dalla natura fortemente escatologica del suo simbolismo \u2013 che rende il rito invulnerabile a stravolgimenti totali-, sia dalla posizione che la religione riveste per l\u2019identit\u00e0 nazionale tra i popoli balcanici.<\/p>\n<p><strong>Biographie de l\u2019Auteur: <\/strong><\/p>\n<p>Met\u00e0 italiana e met\u00e0 croata, vivo a Roma dove sono nata e cresciuta. Mi sono laureata in Sociologia, discutendo una tesi sul rapporto tra misticismo e politica ecclesiastica nel \u2018600 e sulle ripercussioni che questo ha avuto sulla futura costruzione della spiritualit\u00e0 occidentale. Nel 2012 ho studiato per un anno a Parigi, alla Sorbona frequentando corsi anche presso l\u2019EHESS e l\u2019EPHE. Nel 2015, grazie ad una borsa dell\u2019Universit\u00e0 di Roma Tre, ho frequentato l\u2019istituto Etnografico di Belgrado, portando avanti una ricerca su Du\u0161an Bandi\u0107, antropologo serbo che si \u00e8 occupato di Ortodossia popolare. Attualmente studio Scienze delle religioni, interessandomi prevalentemente agli aspetti socio-antropologici e politici dei fenomeni religiosi.<\/p>\n<p><strong>R\u00e9sultat du projet: <\/strong><\/p>\n<p>Il risultato di questo lungo viaggio \u00e8 un libro a met\u00e0 tra il saggio e il reportage che racconta, attraverso la liturgia, la Chiesa ortodossa serba e la questione religiosa dei Balcani occidentali. L\u2019obiettivo \u00e8 quello di pubblicarlo.<\/td>\n<\/tr>\n<\/tbody>\n<\/table>\n<\/div>\n<\/div><div class=\"fusion-clearfix\"><\/div><\/div><\/div><\/div><\/div>\n","protected":false},"excerpt":{"rendered":"","protected":false},"author":1,"featured_media":0,"comment_status":"open","ping_status":"open","sticky":false,"template":"","format":"standard","meta":{"_seopress_robots_primary_cat":"","_seopress_titles_title":"","_seopress_titles_desc":"","_seopress_robots_index":"","footnotes":""},"categories":[76],"tags":[],"class_list":["post-2649","post","type-post","status-publish","format-standard","hentry","category-borse-attribuite"],"_links":{"self":[{"href":"https:\/\/www.fondationmdm.com\/it\/wp-json\/wp\/v2\/posts\/2649","targetHints":{"allow":["GET"]}}],"collection":[{"href":"https:\/\/www.fondationmdm.com\/it\/wp-json\/wp\/v2\/posts"}],"about":[{"href":"https:\/\/www.fondationmdm.com\/it\/wp-json\/wp\/v2\/types\/post"}],"author":[{"embeddable":true,"href":"https:\/\/www.fondationmdm.com\/it\/wp-json\/wp\/v2\/users\/1"}],"replies":[{"embeddable":true,"href":"https:\/\/www.fondationmdm.com\/it\/wp-json\/wp\/v2\/comments?post=2649"}],"version-history":[{"count":1,"href":"https:\/\/www.fondationmdm.com\/it\/wp-json\/wp\/v2\/posts\/2649\/revisions"}],"predecessor-version":[{"id":2650,"href":"https:\/\/www.fondationmdm.com\/it\/wp-json\/wp\/v2\/posts\/2649\/revisions\/2650"}],"wp:attachment":[{"href":"https:\/\/www.fondationmdm.com\/it\/wp-json\/wp\/v2\/media?parent=2649"}],"wp:term":[{"taxonomy":"category","embeddable":true,"href":"https:\/\/www.fondationmdm.com\/it\/wp-json\/wp\/v2\/categories?post=2649"},{"taxonomy":"post_tag","embeddable":true,"href":"https:\/\/www.fondationmdm.com\/it\/wp-json\/wp\/v2\/tags?post=2649"}],"curies":[{"name":"wp","href":"https:\/\/api.w.org\/{rel}","templated":true}]}}