{"id":2653,"date":"2017-07-19T12:20:59","date_gmt":"2017-07-19T10:20:59","guid":{"rendered":"http:\/\/www.ludovi.ca\/fondationmdm\/?p=2653\/"},"modified":"2017-07-21T15:51:01","modified_gmt":"2017-07-21T13:51:01","slug":"camille-oarda","status":"publish","type":"post","link":"https:\/\/www.fondationmdm.com\/it\/camille-oarda\/","title":{"rendered":"CAMILLE OARDA"},"content":{"rendered":"<div class=\"fusion-fullwidth fullwidth-box fusion-builder-row-1 nonhundred-percent-fullwidth non-hundred-percent-height-scrolling fusion-equal-height-columns\" style=\"--awb-background-position:left top;--awb-border-radius-top-left:0px;--awb-border-radius-top-right:0px;--awb-border-radius-bottom-right:0px;--awb-border-radius-bottom-left:0px;--awb-padding-top:0px;--awb-padding-right:0px;--awb-padding-bottom:0px;--awb-padding-left:0px;--awb-margin-top:50px;--awb-border-sizes-top:0px;--awb-border-sizes-bottom:0px;\" ><div class=\"fusion-builder-row fusion-row\"><div class=\"fusion-layout-column fusion_builder_column fusion-builder-column-0 fusion_builder_column_1_1 1_1 fusion-one-full fusion-column-first fusion-column-last tabella-aperta\" style=\"--awb-padding-top:0px;--awb-padding-right:0px;--awb-padding-bottom:0px;--awb-padding-left:0px;--awb-bg-repeat:repeat;\"><div class=\"fusion-column-wrapper fusion-flex-column-wrapper-legacy\"><div class=\"fusion-text fusion-text-1\"><div class=\"tabella-borse\">\n<table>\n<thead>\n<tr>\n<th><strong class=\"grasso\">2012<\/strong><\/th>\n<th><em>Impressions en Mediterran\u00e9e<br \/>\n<\/em><\/th>\n<th style=\"text-align: left;\">Nazionalit\u00e0: <strong class=\"grasso\">Francia<\/strong><br \/>\nCategoria: <strong class=\"grasso\">Stampe e incisioni<\/strong><\/th>\n<\/tr>\n<\/thead>\n<tbody>\n<tr>\n<td colspan=\"3\" align=\"left\"><strong>Descrizione del progetto: <\/strong><\/p>\n<p>C\u2019est un projet qui a vu jour il y a un peu plus d\u2019un an, autour de la M\u00e9diterran\u00e9e que j\u2019ai d\u00e9cid\u00e9 d\u2019aborder sous un angle artistique. J\u2019ai souhait\u00e9 partir \u00e0 la rencontre de ces terres et mers proches pour certains, inconnues et lointaines pour d\u2019autres, \u00e0 la d\u00e9couverte de ces cultures, de ces paysages m\u00e9diterran\u00e9ens si riches et si diff\u00e9rents, avec pour projet de cr\u00e9er des estampes \u00e0 partir de mes \u00abimpressions\u00bb \u00e0 l\u2019int\u00e9rieur m\u00eame des pays o\u00f9 j\u2019allais.<\/p>\n<p>Mon choix des pays a \u00e9t\u00e9 influenc\u00e9 initialement par les voyages de saint Paul, mais ce sont essentiellement les ateliers de gravure qui furent mes points d\u2019ancrage, mes escales durant ce voyage.<\/p>\n<p>Partie \u00e0 J\u00e9rusalem avec mon papier de gravure blanc en septembre dernier, je suis arriv\u00e9e en Gr\u00e8ce o\u00f9 m\u2019attendait une r\u00e9sidence d\u2019artiste dans l\u2019\u00eele de Skopelos. Je suis revenue en janvier avec une s\u00e9rie d\u2019estampes et mon carnet de voyage rempli de dessins et de notes.<\/p>\n<p>Trouver des ateliers pour poser mes plaques de m\u00e9tal et mes outils ne fut pas toujours simple en Isra\u00ebl, mais le destin fait souvent bien les choses et ma route m\u2019a men\u00e9 en Palestine. C\u2019est donc \u00e0 Bethleem que j\u2019ai d\u00e9pos\u00e9 mes pinceaux pour y d\u00e9couvrir avec un ma\u00eetre, l\u2019art de l\u2019ic\u00f4ne.<\/p>\n<p>D\u00e9s-lors, j\u2019ai essay\u00e9 de m\u2019impr\u00e9gner, de m\u2019immerger dans la forte religiosit\u00e9 que m\u2019offrait ces pays o\u00f9 r\u00e9sonne encore le monde byzantin et oriental. Et je me suis laiss\u00e9e transporter, berc\u00e9e par la M\u00e9diterran\u00e9e vers un nouveau chemin pictural, celui de l\u2019ic\u00f4ne.<\/p>\n<p>Gr\u00e2ce \u00e0 la bourse de la fondation Marc de Montalembert, j\u2019ai pu voyager dans l\u2019espace et le temps d\u2019une conscience personnelle en des lieux foul\u00e9s, auscult\u00e9s, traduits, expliqu\u00e9s, dessin\u00e9s par une culture mill\u00e9naire. Je suis partie avec pour seul guide l\u2019intuition, compagne si utile qu\u2019il faut \u00e9couter et suivre en fermant les yeux.<\/p>\n<p><strong>Biographie de l\u2019Auteur: <\/strong><\/p>\n<p>Etudes de la gravure taille-douce \u00e0 l\u2019\u00e9cole Estienne et obtention du dipl\u00f4me en m\u00e9tier d\u2019art en option gravure en juillet 2009.<\/p>\n<p>Stage en impression taille-douce \u00e0 l\u2019atelier Ren\u00e9 Taz\u00e9 \u00e0 Paris (ann\u00e9e 2009-2010)<\/p>\n<p>Divers stages (lithographie et impression taille-douce) et r\u00e9sidences d\u2019artiste en France et au Mexique gr\u00e2ce \u00e0 l\u2019obtention de la bourse \u00abParis Jeune Aventure\u00bb ann\u00e9e 2010.<\/p>\n<p>Travail dans un atelier de gravure de la mairie de Gentilly (France) depuis 2011.<\/p>\n<p>Participation \u00e0 divers salons et expositions collectives depuis 2010, premi\u00e8re exposition personnelle \u00e0 Caen (France) en mars 2013.<\/td>\n<\/tr>\n<\/tbody>\n<\/table>\n<\/div>\n<\/div><div class=\"fusion-clearfix\"><\/div><\/div><\/div><\/div><\/div>\n","protected":false},"excerpt":{"rendered":"","protected":false},"author":1,"featured_media":0,"comment_status":"open","ping_status":"open","sticky":false,"template":"","format":"standard","meta":{"_seopress_robots_primary_cat":"","_seopress_titles_title":"","_seopress_titles_desc":"","_seopress_robots_index":"","footnotes":""},"categories":[76],"tags":[],"class_list":["post-2653","post","type-post","status-publish","format-standard","hentry","category-borse-attribuite"],"_links":{"self":[{"href":"https:\/\/www.fondationmdm.com\/it\/wp-json\/wp\/v2\/posts\/2653","targetHints":{"allow":["GET"]}}],"collection":[{"href":"https:\/\/www.fondationmdm.com\/it\/wp-json\/wp\/v2\/posts"}],"about":[{"href":"https:\/\/www.fondationmdm.com\/it\/wp-json\/wp\/v2\/types\/post"}],"author":[{"embeddable":true,"href":"https:\/\/www.fondationmdm.com\/it\/wp-json\/wp\/v2\/users\/1"}],"replies":[{"embeddable":true,"href":"https:\/\/www.fondationmdm.com\/it\/wp-json\/wp\/v2\/comments?post=2653"}],"version-history":[{"count":2,"href":"https:\/\/www.fondationmdm.com\/it\/wp-json\/wp\/v2\/posts\/2653\/revisions"}],"predecessor-version":[{"id":2790,"href":"https:\/\/www.fondationmdm.com\/it\/wp-json\/wp\/v2\/posts\/2653\/revisions\/2790"}],"wp:attachment":[{"href":"https:\/\/www.fondationmdm.com\/it\/wp-json\/wp\/v2\/media?parent=2653"}],"wp:term":[{"taxonomy":"category","embeddable":true,"href":"https:\/\/www.fondationmdm.com\/it\/wp-json\/wp\/v2\/categories?post=2653"},{"taxonomy":"post_tag","embeddable":true,"href":"https:\/\/www.fondationmdm.com\/it\/wp-json\/wp\/v2\/tags?post=2653"}],"curies":[{"name":"wp","href":"https:\/\/api.w.org\/{rel}","templated":true}]}}