{"id":2662,"date":"2017-07-19T12:45:53","date_gmt":"2017-07-19T10:45:53","guid":{"rendered":"http:\/\/www.ludovi.ca\/fondationmdm\/?p=2662\/"},"modified":"2017-07-21T15:53:46","modified_gmt":"2017-07-21T13:53:46","slug":"mazen-haidar-ahmad","status":"publish","type":"post","link":"https:\/\/www.fondationmdm.com\/it\/mazen-haidar-ahmad\/","title":{"rendered":"MAZEN HAIDAR AHMAD"},"content":{"rendered":"<div class=\"fusion-fullwidth fullwidth-box fusion-builder-row-1 nonhundred-percent-fullwidth non-hundred-percent-height-scrolling fusion-equal-height-columns\" style=\"--awb-background-position:left top;--awb-border-radius-top-left:0px;--awb-border-radius-top-right:0px;--awb-border-radius-bottom-right:0px;--awb-border-radius-bottom-left:0px;--awb-padding-top:0px;--awb-padding-right:0px;--awb-padding-bottom:0px;--awb-padding-left:0px;--awb-margin-top:50px;--awb-border-sizes-top:0px;--awb-border-sizes-bottom:0px;\" ><div class=\"fusion-builder-row fusion-row\"><div class=\"fusion-layout-column fusion_builder_column fusion-builder-column-0 fusion_builder_column_1_1 1_1 fusion-one-full fusion-column-first fusion-column-last tabella-aperta\" style=\"--awb-padding-top:0px;--awb-padding-right:0px;--awb-padding-bottom:0px;--awb-padding-left:0px;--awb-bg-repeat:repeat;\"><div class=\"fusion-column-wrapper fusion-flex-column-wrapper-legacy\"><div class=\"fusion-text fusion-text-1\"><div class=\"tabella-borse\">\n<table>\n<thead>\n<tr>\n<th><strong class=\"grasso\">2008<\/strong><\/th>\n<th><em>Architectures multilingues : les influences culturelles diverses ayant particip\u00e9 \u00e0 la formation de l\u2019architecture locale d\u2019une r\u00e9gion du sud-est de la Turquie<br \/>\n<\/em><\/th>\n<th style=\"text-align: left;\">Nazionalit\u00e0: <strong class=\"grasso\">Libano<\/strong><br \/>\nCategoria: <strong class=\"grasso\">Architettura<\/strong><\/th>\n<\/tr>\n<\/thead>\n<tbody>\n<tr>\n<td colspan=\"3\" align=\"left\"><strong>Descrizione del progetto: <\/strong><\/p>\n<p>Mon projet les architectures multilingues est un cheminement de d\u00e9couverte dans une ville et un contexte multiculturel et multilingue, la ville de Mardin en Anatolie, o\u00f9 se marient les traditions syriaque, arabe, ottomane et europ\u00e9enne occidentale. La bourse de la Fondation a rendu possible les s\u00e9jours \u00e0 Mardin qui m\u2019ont permis de m\u2019initier concr\u00e8tement au th\u00e8me du multiculturalisme dans l\u2019architecture de cette partie du Levant. Cette recherche ne pouvait pas se limiter \u00e0 un rep\u00e9rage des \u00e9l\u00e9ments ou des sources d\u2019influence. C\u2019est en me situant dans le c\u0153ur du tissu urbain et social qui caract\u00e9rise la ville, dans les modes d\u2019usage de ses espaces et de son architecture, dans le cycle humain qui a sculpt\u00e9 ses formes et ses pierres, que j\u2019essaie de reconstituer une histoire qui n\u2019est pas chronologique, encore moins politique ou religieuse, mais une histoire qui remet en \u00e9vidence les valeurs multiculturelles qui ont marqu\u00e9 l\u2019identit\u00e9 de ce lieu d\u2019\u00e9change \u00e0 travers des si\u00e8cles. Actuellement je travaille sur un livre illustr\u00e9 qui recueillera les r\u00e9sultats de mes recherches.<\/p>\n<p>De plus, en 2008, une subvention a \u00e9t\u00e9 accord\u00e9e \u00e0 Matthieu STEFANELLI, France, pianiste, ainsi qu\u2019\u00e0 Besa CANE, Albanie, violoniste, afin de r\u00e9aliser un enregistrement de musique contemporaine albanaise jou\u00e9e par ces jeunes musiciens, dans le but de diffuser et de faire conna\u00eetre la musique albanaise.<\/td>\n<\/tr>\n<\/tbody>\n<\/table>\n<\/div>\n<\/div><div class=\"fusion-clearfix\"><\/div><\/div><\/div><\/div><\/div>\n","protected":false},"excerpt":{"rendered":"","protected":false},"author":1,"featured_media":0,"comment_status":"open","ping_status":"open","sticky":false,"template":"","format":"standard","meta":{"_seopress_robots_primary_cat":"","_seopress_titles_title":"","_seopress_titles_desc":"","_seopress_robots_index":"","footnotes":""},"categories":[76],"tags":[],"class_list":["post-2662","post","type-post","status-publish","format-standard","hentry","category-borse-attribuite"],"_links":{"self":[{"href":"https:\/\/www.fondationmdm.com\/it\/wp-json\/wp\/v2\/posts\/2662","targetHints":{"allow":["GET"]}}],"collection":[{"href":"https:\/\/www.fondationmdm.com\/it\/wp-json\/wp\/v2\/posts"}],"about":[{"href":"https:\/\/www.fondationmdm.com\/it\/wp-json\/wp\/v2\/types\/post"}],"author":[{"embeddable":true,"href":"https:\/\/www.fondationmdm.com\/it\/wp-json\/wp\/v2\/users\/1"}],"replies":[{"embeddable":true,"href":"https:\/\/www.fondationmdm.com\/it\/wp-json\/wp\/v2\/comments?post=2662"}],"version-history":[{"count":2,"href":"https:\/\/www.fondationmdm.com\/it\/wp-json\/wp\/v2\/posts\/2662\/revisions"}],"predecessor-version":[{"id":2793,"href":"https:\/\/www.fondationmdm.com\/it\/wp-json\/wp\/v2\/posts\/2662\/revisions\/2793"}],"wp:attachment":[{"href":"https:\/\/www.fondationmdm.com\/it\/wp-json\/wp\/v2\/media?parent=2662"}],"wp:term":[{"taxonomy":"category","embeddable":true,"href":"https:\/\/www.fondationmdm.com\/it\/wp-json\/wp\/v2\/categories?post=2662"},{"taxonomy":"post_tag","embeddable":true,"href":"https:\/\/www.fondationmdm.com\/it\/wp-json\/wp\/v2\/tags?post=2662"}],"curies":[{"name":"wp","href":"https:\/\/api.w.org\/{rel}","templated":true}]}}