{"id":2688,"date":"2017-07-19T15:32:37","date_gmt":"2017-07-19T13:32:37","guid":{"rendered":"http:\/\/www.ludovi.ca\/fondationmdm\/?p=2688\/"},"modified":"2017-07-21T16:07:10","modified_gmt":"2017-07-21T14:07:10","slug":"lionel-roux","status":"publish","type":"post","link":"https:\/\/www.fondationmdm.com\/it\/lionel-roux\/","title":{"rendered":"LIONEL ROUX"},"content":{"rendered":"<div class=\"fusion-fullwidth fullwidth-box fusion-builder-row-1 nonhundred-percent-fullwidth non-hundred-percent-height-scrolling fusion-equal-height-columns\" style=\"--awb-background-position:left top;--awb-border-radius-top-left:0px;--awb-border-radius-top-right:0px;--awb-border-radius-bottom-right:0px;--awb-border-radius-bottom-left:0px;--awb-padding-top:0px;--awb-padding-right:0px;--awb-padding-bottom:0px;--awb-padding-left:0px;--awb-margin-top:50px;--awb-border-sizes-top:0px;--awb-border-sizes-bottom:0px;\" ><div class=\"fusion-builder-row fusion-row\"><div class=\"fusion-layout-column fusion_builder_column fusion-builder-column-0 fusion_builder_column_1_1 1_1 fusion-one-full fusion-column-first fusion-column-last tabella-aperta\" style=\"--awb-padding-top:0px;--awb-padding-right:0px;--awb-padding-bottom:0px;--awb-padding-left:0px;--awb-bg-repeat:repeat;\"><div class=\"fusion-column-wrapper fusion-flex-column-wrapper-legacy\"><div class=\"fusion-text fusion-text-1\"><div class=\"tabella-borse\">\n<table>\n<thead>\n<tr>\n<th><strong class=\"grasso\">1999<\/strong><\/th>\n<th><em>M\u00e9moire photographique de la transhumance<\/em><\/th>\n<th style=\"text-align: left;\">Nazionalit\u00e0: <strong class=\"grasso\">Francia<\/strong><br \/>\nCategoria: <strong class=\"grasso\">Fotografia<\/strong><\/th>\n<\/tr>\n<\/thead>\n<tbody>\n<tr>\n<td colspan=\"3\" align=\"left\"><strong>Descrizione del progetto: <\/strong><\/p>\n<p>Petit-fils et fils de berger, je m\u2019int\u00e9resse \u00e0 ce monde qui ne sera pas le mien. L\u2019outil photographique me permet de m\u2019inclure dans l\u2019univers de ces hommes. Chacun dans son immanence, eux gardent des moutons, moi des instants. Chaque jour, je recr\u00e9e ce monde dont je suis issu\u2026<\/p>\n<p>Un des plus forts souvenirs qui me restent de mon grand-p\u00e8re, c\u2019est un dialogue au sujet de mon avenir, encore peu fiable, de photographe. Je pensais non sans pr\u00e9jug\u00e9 qu\u2019il serait r\u00e9fractaire \u00e0 ma passion naissante pour la photographie. Lui qu\u2019on avait envoy\u00e9 garder les troupeaux communaux d\u00e8s l\u2019\u00e2ge de 6 ans ! Comment pouvait-il dig\u00e9rer que son petit-fils de 22 ans \u00ab se cherche encore \u00bb ? Ce jour-l\u00e0 il me dit en substance : \u00ab Si tu as trouv\u00e9 ta passion, il n\u2019y a plus qu\u2019une chose \u00e0 faire, c\u2019est de t\u2019y mettre \u00e0 fond ! \u00bb Ce fut pour moi une grande surprise, une b\u00e9n\u00e9diction inattendue. Je d\u00e9couvrais une vocation qui liait mes racines et ma passion pour la photographie. L\u2019aval de mon grand-p\u00e8re me donnait l\u2019\u00e9lan supr\u00eame.<\/p>\n<p>Pourquoi ne pas b\u00e2tir un projet photographique de longue haleine \u00e0 partir de toutes ces r\u00e9flexions ? Pourquoi ne pas partir \u00e0 la rencontre moins inconnue pour moi, celle des bergers d\u2019Europe ? J\u2019ai donc commenc\u00e9 par ma famille, mon proche voisinage, puis celui lointain des r\u00e9gions d\u2019Europe. L\u2019id\u00e9e de cette \u00ab Odyss\u00e9e pastorale \u00bb fait encore son chemin\u2026<\/p>\n<p><strong>Biographie de l\u2019Auteur: <\/strong><\/p>\n<p>Laur\u00e9at du Prix Marc de Montalembert 1999 et apr\u00e8s sept ann\u00e9es pass\u00e9es \u00e0 courir les alpages et rencontrer les transhumances de France, du Maroc, d\u2019Italie, de Gr\u00e8ce, d\u2019Espagne, je travaille actuellement \u00e0 la maquette d\u2019un livre photographique. \u00bb Plusieurs expositions ont pr\u00e9sent\u00e9 le travail r\u00e9alis\u00e9. La Fondation Marc de Montalembert en collaboration avec l\u2019Institut fran\u00e7ais d\u2019Ath\u00e8nes et la Pr\u00e9fecture du Dod\u00e9can\u00e8se a organis\u00e9 \u00e0 Rhodes en 2006 une exposition intitul\u00e9e \u00ab Chemins sensibles, \u00e0 la recherche des bergers de la M\u00e9diterran\u00e9e \u00bb. Un nouveau livre est en pr\u00e9paration, sortie pr\u00e9vue fin 2008.<\/td>\n<\/tr>\n<\/tbody>\n<\/table>\n<\/div>\n<\/div><div class=\"fusion-clearfix\"><\/div><\/div><\/div><\/div><\/div>\n","protected":false},"excerpt":{"rendered":"","protected":false},"author":1,"featured_media":0,"comment_status":"open","ping_status":"open","sticky":false,"template":"","format":"standard","meta":{"_seopress_robots_primary_cat":"","_seopress_titles_title":"","_seopress_titles_desc":"","_seopress_robots_index":"","footnotes":""},"categories":[76],"tags":[],"class_list":["post-2688","post","type-post","status-publish","format-standard","hentry","category-borse-attribuite"],"_links":{"self":[{"href":"https:\/\/www.fondationmdm.com\/it\/wp-json\/wp\/v2\/posts\/2688","targetHints":{"allow":["GET"]}}],"collection":[{"href":"https:\/\/www.fondationmdm.com\/it\/wp-json\/wp\/v2\/posts"}],"about":[{"href":"https:\/\/www.fondationmdm.com\/it\/wp-json\/wp\/v2\/types\/post"}],"author":[{"embeddable":true,"href":"https:\/\/www.fondationmdm.com\/it\/wp-json\/wp\/v2\/users\/1"}],"replies":[{"embeddable":true,"href":"https:\/\/www.fondationmdm.com\/it\/wp-json\/wp\/v2\/comments?post=2688"}],"version-history":[{"count":2,"href":"https:\/\/www.fondationmdm.com\/it\/wp-json\/wp\/v2\/posts\/2688\/revisions"}],"predecessor-version":[{"id":2799,"href":"https:\/\/www.fondationmdm.com\/it\/wp-json\/wp\/v2\/posts\/2688\/revisions\/2799"}],"wp:attachment":[{"href":"https:\/\/www.fondationmdm.com\/it\/wp-json\/wp\/v2\/media?parent=2688"}],"wp:term":[{"taxonomy":"category","embeddable":true,"href":"https:\/\/www.fondationmdm.com\/it\/wp-json\/wp\/v2\/categories?post=2688"},{"taxonomy":"post_tag","embeddable":true,"href":"https:\/\/www.fondationmdm.com\/it\/wp-json\/wp\/v2\/tags?post=2688"}],"curies":[{"name":"wp","href":"https:\/\/api.w.org\/{rel}","templated":true}]}}