{"id":2690,"date":"2017-07-19T15:33:46","date_gmt":"2017-07-19T13:33:46","guid":{"rendered":"http:\/\/www.ludovi.ca\/fondationmdm\/?p=2690\/"},"modified":"2017-07-23T15:06:02","modified_gmt":"2017-07-23T13:06:02","slug":"felicien-carli","status":"publish","type":"post","link":"https:\/\/www.fondationmdm.com\/it\/felicien-carli\/","title":{"rendered":"FELICIEN CARLI"},"content":{"rendered":"<div class=\"fusion-fullwidth fullwidth-box fusion-builder-row-1 nonhundred-percent-fullwidth non-hundred-percent-height-scrolling fusion-equal-height-columns\" style=\"--awb-background-position:left top;--awb-border-radius-top-left:0px;--awb-border-radius-top-right:0px;--awb-border-radius-bottom-right:0px;--awb-border-radius-bottom-left:0px;--awb-padding-top:0px;--awb-padding-right:0px;--awb-padding-bottom:0px;--awb-padding-left:0px;--awb-margin-top:50px;--awb-border-sizes-top:0px;--awb-border-sizes-bottom:0px;\" ><div class=\"fusion-builder-row fusion-row\"><div class=\"fusion-layout-column fusion_builder_column fusion-builder-column-0 fusion_builder_column_1_1 1_1 fusion-one-full fusion-column-first fusion-column-last tabella-aperta\" style=\"--awb-padding-top:0px;--awb-padding-right:0px;--awb-padding-bottom:0px;--awb-padding-left:0px;--awb-bg-repeat:repeat;\"><div class=\"fusion-column-wrapper fusion-flex-column-wrapper-legacy\"><div class=\"fusion-text fusion-text-1\"><div class=\"tabella-borse\">\n<table>\n<thead>\n<tr>\n<th><strong class=\"grasso\">1997<\/strong><\/th>\n<th><em> Inventaire des mines de terres naturelles colorantes dans la r\u00e9gion m\u00e9diterran\u00e9enne<\/em><\/th>\n<th style=\"text-align: left;\">Nazionalit\u00e0: <strong class=\"grasso\">Francia<\/strong><br \/>\nCategoria: <strong class=\"grasso\">Architettura<\/strong><\/th>\n<\/tr>\n<\/thead>\n<tbody>\n<tr>\n<td colspan=\"3\" align=\"left\"><strong>Descrizione del progetto: <\/strong><\/p>\n<p>Aujourd\u2019hui, les terres colorantes, chaudes et vivantes, ont pratiquement disparu de nos villes et villages pour laisser place au blanc \u00ab\u00a0aseptique\u00a0\u00bb synonyme d\u2019hygi\u00e8ne. Le \u00ab\u00a0ton pierre\u00a0\u00bb s\u2019obtient actuellement avec de nouvelles peintures, de nouvelles compositions d\u2019enduits, plus ou moins chimiquement obtenues.<\/p>\n<p>Les carri\u00e8res de terres colorantes sont d\u00e9laiss\u00e9es et quittent les m\u00e9moires. On oublie peu \u00e0 peu les hommes qui vivent sur le terroir de l\u2019extraction, du traitement et du commerce de ce mat\u00e9riau r\u00e9chauffant nos paysages. Substituer aux pigments synth\u00e9tiques \u00ab\u00a0chromo-d\u00e9gradables\u00a0\u00bb les terres colorantes, parfaitement stables aux ultraviolets et non toxiques; prolonger le milieu naturel dans notre cadre de vie, retrouver la m\u00e9moire des couleurs de nos villes, telle est ma vocation.<\/p>\n<p>Le pr\u00eat d\u2019honneur m\u2019a permis de faire un \u00e9tat des lieux dans les pays suivants : Hollande, Italie, Espagne, Chypre, Egypte et Syrie. D\u2019y recenser les producteurs et utilisateurs d\u2019ocres. Mes recherches se sont poursuivies, au-del\u00e0 de la bourse au Br\u00e9sil, USA, Afrique du Sud, Su\u00e8de, URSS\u2026 Depuis le pr\u00eat d\u2019honneur, j\u2019ai organis\u00e9 6 rencontres professionnelles en France et \u00e0 l\u2019\u00e9tranger (environ 400 participants au total), publi\u00e9 plusieurs cahiers (plus de dix mille exemplaires diffus\u00e9s). Et les projets ne manquent pas pour les ann\u00e9es \u00e0 venir!<\/p>\n<p><strong>Biographie de l\u2019Auteur: <\/strong><\/p>\n<p>F\u00e9licien est le fondateur et pr\u00e9sident dynamique de l\u2019Association Terres et Couleurs.<\/td>\n<\/tr>\n<\/tbody>\n<\/table>\n<\/div>\n<\/div><div class=\"fusion-clearfix\"><\/div><\/div><\/div><\/div><\/div>\n","protected":false},"excerpt":{"rendered":"","protected":false},"author":1,"featured_media":0,"comment_status":"open","ping_status":"open","sticky":false,"template":"","format":"standard","meta":{"_seopress_robots_primary_cat":"","_seopress_titles_title":"","_seopress_titles_desc":"","_seopress_robots_index":"","footnotes":""},"categories":[76],"tags":[],"class_list":["post-2690","post","type-post","status-publish","format-standard","hentry","category-borse-attribuite"],"_links":{"self":[{"href":"https:\/\/www.fondationmdm.com\/it\/wp-json\/wp\/v2\/posts\/2690","targetHints":{"allow":["GET"]}}],"collection":[{"href":"https:\/\/www.fondationmdm.com\/it\/wp-json\/wp\/v2\/posts"}],"about":[{"href":"https:\/\/www.fondationmdm.com\/it\/wp-json\/wp\/v2\/types\/post"}],"author":[{"embeddable":true,"href":"https:\/\/www.fondationmdm.com\/it\/wp-json\/wp\/v2\/users\/1"}],"replies":[{"embeddable":true,"href":"https:\/\/www.fondationmdm.com\/it\/wp-json\/wp\/v2\/comments?post=2690"}],"version-history":[{"count":3,"href":"https:\/\/www.fondationmdm.com\/it\/wp-json\/wp\/v2\/posts\/2690\/revisions"}],"predecessor-version":[{"id":2901,"href":"https:\/\/www.fondationmdm.com\/it\/wp-json\/wp\/v2\/posts\/2690\/revisions\/2901"}],"wp:attachment":[{"href":"https:\/\/www.fondationmdm.com\/it\/wp-json\/wp\/v2\/media?parent=2690"}],"wp:term":[{"taxonomy":"category","embeddable":true,"href":"https:\/\/www.fondationmdm.com\/it\/wp-json\/wp\/v2\/categories?post=2690"},{"taxonomy":"post_tag","embeddable":true,"href":"https:\/\/www.fondationmdm.com\/it\/wp-json\/wp\/v2\/tags?post=2690"}],"curies":[{"name":"wp","href":"https:\/\/api.w.org\/{rel}","templated":true}]}}