{"id":2692,"date":"2017-07-19T15:34:48","date_gmt":"2017-07-19T13:34:48","guid":{"rendered":"http:\/\/www.ludovi.ca\/fondationmdm\/?p=2692\/"},"modified":"2017-07-21T16:08:45","modified_gmt":"2017-07-21T14:08:45","slug":"guy-pierre-chomette","status":"publish","type":"post","link":"https:\/\/www.fondationmdm.com\/it\/guy-pierre-chomette\/","title":{"rendered":"GUY-PIERRE CHOMETTE"},"content":{"rendered":"<div class=\"fusion-fullwidth fullwidth-box fusion-builder-row-1 nonhundred-percent-fullwidth non-hundred-percent-height-scrolling fusion-equal-height-columns\" style=\"--awb-background-position:left top;--awb-border-radius-top-left:0px;--awb-border-radius-top-right:0px;--awb-border-radius-bottom-right:0px;--awb-border-radius-bottom-left:0px;--awb-padding-top:0px;--awb-padding-right:0px;--awb-padding-bottom:0px;--awb-padding-left:0px;--awb-margin-top:50px;--awb-border-sizes-top:0px;--awb-border-sizes-bottom:0px;\" ><div class=\"fusion-builder-row fusion-row\"><div class=\"fusion-layout-column fusion_builder_column fusion-builder-column-0 fusion_builder_column_1_1 1_1 fusion-one-full fusion-column-first fusion-column-last tabella-aperta\" style=\"--awb-padding-top:0px;--awb-padding-right:0px;--awb-padding-bottom:0px;--awb-padding-left:0px;--awb-bg-repeat:repeat;\"><div class=\"fusion-column-wrapper fusion-flex-column-wrapper-legacy\"><div class=\"fusion-text fusion-text-1\"><div class=\"tabella-borse\">\n<table>\n<thead>\n<tr>\n<th><strong class=\"grasso\">1998<\/strong><\/th>\n<th><em> Lisi\u00e8res d\u2019Europe<\/em><\/th>\n<th style=\"text-align: left;\">Nazionalit\u00e0: <strong class=\"grasso\">Francia<\/strong><br \/>\nCategoria: <strong class=\"grasso\">Giornalismo<\/strong><\/th>\n<\/tr>\n<\/thead>\n<tbody>\n<tr>\n<td colspan=\"3\" align=\"left\">En 2004 et 2007, dix pays d\u2019Europe centrale ont int\u00e9gr\u00e9 l\u2019Union europ\u00e9enne : la Bulgarie, l\u2019Estonie, la Hongrie, la Lettonie, la Lituanie, la Pologne, la R\u00e9publique tch\u00e8que, la Roumanie, la Slovaquie et la Slov\u00e9nie. Depuis cette vague d\u2019\u00e9largissement sans pr\u00e9c\u00e9dent, l\u2019Union poss\u00e8de une nouvelle fronti\u00e8re orientale.<\/p>\n<p>M\u00eame si elle n\u2019est en rien comparable au Rideau de Fer, cette nouvelle limite orientale de l\u2019Union europ\u00e9enne cr\u00e9e de nouveaux enjeux. Elle souligne notamment la division de nombreux peuples r\u00e9partis de part et d\u2019autre et bouleverse des relations de voisinage progressivement r\u00e9tablies depuis 1989. Qui sont les nouveaux frontaliers de l\u2019Union ? Quelle est leur histoire ? Comment vivent-ils cette nouvelle architecture europ\u00e9enne ? En quoi leur vie quotidienne a-t-elle \u00e9t\u00e9 modifi\u00e9e ?<\/p>\n<p>A l\u2019issue de sept voyages le long de cette nouvelle ligne de partage du continent qui court de la mer M\u00e9diterran\u00e9e \u00e0 la mer de Barents, le projet Lisi\u00e8res d\u2019Europe a d\u00e9bouch\u00e9 sur un livre fond\u00e9 sur les t\u00e9moignages de ces populations frontali\u00e8res directement concern\u00e9es par cette \u00e9volution g\u00e9opolitique de premier ordre. R\u00e9alis\u00e9s entre 2000 et 2003 \u00e0 la veille des \u00e9largissements, ces voyages enqu\u00eates ont donn\u00e9 lieu \u00e0 la publication d\u2019un livre aux \u00e9ditions Autrement.<\/p>\n<p><strong>Biographie de l\u2019Auteur: <\/strong><\/p>\n<p>Guy-Pierre Chomette, n\u00e9 en 1969, est journaliste ind\u00e9pendant, membre du Collectif Argos (r\u00e9dacteurs et photographes associ\u00e9s). Ses reportages sont publi\u00e9s notamment dans G\u00e9o, VSD, Marie-Claire, Le Figaro ou Le Monde diplomatique. Il a aussi collabor\u00e9 \u00e0 des revues telles que Politique Internationale, \u00c9tudes, G\u00e9opolitique ou encore Notre Histoire.<\/p>\n<p>Auteur de Lisi\u00e8res d\u2019Europe (\u00e9ditions Autrement, 2004), r\u00e9cit de sept voyages effectu\u00e9s entre 2000 et 2003 le long de la nouvelle fronti\u00e8re orientale de l\u2019Union europ\u00e9enne. Coauteur de R\u00e9fugi\u00e9s Climatiques (\u00e9ditions Infolio, 2007), publi\u00e9 par le Collectif Argos, fruit d\u2019une enqu\u00eate de quatre ans sur les premiers peuples menac\u00e9s d\u2019exil \u00e0 cause du r\u00e9chauffement climatique. Auteur du texte de l\u2019ouvrage photographique Terre des P\u00f4les (\u00e9dition Jean di Sciullo). Auteur de la biographie philanthropique d\u2019Odon Vallet, historien des religions (\u00e9ditions Democratic Books, 2010).<\/p>\n<p>Prix de la Vocation (Bourse Marc de Montalembert \/ Fondation de France) pour son projet Lisi\u00e8res d\u2019Europe. Prix Robert Guillain pour son travail sur la querelle russo-japonaise des \u00eeles Kouriles, effectu\u00e9 sur le d\u00e9troit de Nemuro (nord du Japon) et publi\u00e9 dans Le Monde diplomatique. Laur\u00e9at des Missions Stendhal du Minist\u00e8re de Affaires \u00e9trang\u00e8res pour le projet \u00e9ditorial \u00ab Au centre de l\u2019Europe \u00bb.<\/p>\n<p><strong>R\u00e9sultat du projet: <\/strong><\/p>\n<p>Le livre \u201c Lisi\u00e8res d\u2019Europe \u2013 De la mer Eg\u00e9e \u00e0 la mer de Barents, voyage en fronti\u00e8res orientales \u201d est sorti en 2004 aux \u00e9ditions Autrement.<\/td>\n<\/tr>\n<\/tbody>\n<\/table>\n<\/div>\n<\/div><div class=\"fusion-clearfix\"><\/div><\/div><\/div><\/div><\/div>\n","protected":false},"excerpt":{"rendered":"","protected":false},"author":1,"featured_media":0,"comment_status":"open","ping_status":"open","sticky":false,"template":"","format":"standard","meta":{"_seopress_robots_primary_cat":"","_seopress_titles_title":"","_seopress_titles_desc":"","_seopress_robots_index":"","footnotes":""},"categories":[76],"tags":[],"class_list":["post-2692","post","type-post","status-publish","format-standard","hentry","category-borse-attribuite"],"_links":{"self":[{"href":"https:\/\/www.fondationmdm.com\/it\/wp-json\/wp\/v2\/posts\/2692","targetHints":{"allow":["GET"]}}],"collection":[{"href":"https:\/\/www.fondationmdm.com\/it\/wp-json\/wp\/v2\/posts"}],"about":[{"href":"https:\/\/www.fondationmdm.com\/it\/wp-json\/wp\/v2\/types\/post"}],"author":[{"embeddable":true,"href":"https:\/\/www.fondationmdm.com\/it\/wp-json\/wp\/v2\/users\/1"}],"replies":[{"embeddable":true,"href":"https:\/\/www.fondationmdm.com\/it\/wp-json\/wp\/v2\/comments?post=2692"}],"version-history":[{"count":2,"href":"https:\/\/www.fondationmdm.com\/it\/wp-json\/wp\/v2\/posts\/2692\/revisions"}],"predecessor-version":[{"id":2801,"href":"https:\/\/www.fondationmdm.com\/it\/wp-json\/wp\/v2\/posts\/2692\/revisions\/2801"}],"wp:attachment":[{"href":"https:\/\/www.fondationmdm.com\/it\/wp-json\/wp\/v2\/media?parent=2692"}],"wp:term":[{"taxonomy":"category","embeddable":true,"href":"https:\/\/www.fondationmdm.com\/it\/wp-json\/wp\/v2\/categories?post=2692"},{"taxonomy":"post_tag","embeddable":true,"href":"https:\/\/www.fondationmdm.com\/it\/wp-json\/wp\/v2\/tags?post=2692"}],"curies":[{"name":"wp","href":"https:\/\/api.w.org\/{rel}","templated":true}]}}