{"id":2694,"date":"2017-07-19T15:37:40","date_gmt":"2017-07-19T13:37:40","guid":{"rendered":"http:\/\/www.ludovi.ca\/fondationmdm\/?p=2694\/"},"modified":"2017-07-21T16:09:20","modified_gmt":"2017-07-21T14:09:20","slug":"christophe-dabitch","status":"publish","type":"post","link":"https:\/\/www.fondationmdm.com\/it\/christophe-dabitch\/","title":{"rendered":"CHRISTOPHE DABITCH"},"content":{"rendered":"<div class=\"fusion-fullwidth fullwidth-box fusion-builder-row-1 nonhundred-percent-fullwidth non-hundred-percent-height-scrolling fusion-equal-height-columns\" style=\"--awb-background-position:left top;--awb-border-radius-top-left:0px;--awb-border-radius-top-right:0px;--awb-border-radius-bottom-right:0px;--awb-border-radius-bottom-left:0px;--awb-padding-top:0px;--awb-padding-right:0px;--awb-padding-bottom:0px;--awb-padding-left:0px;--awb-margin-top:50px;--awb-border-sizes-top:0px;--awb-border-sizes-bottom:0px;\" ><div class=\"fusion-builder-row fusion-row\"><div class=\"fusion-layout-column fusion_builder_column fusion-builder-column-0 fusion_builder_column_1_1 1_1 fusion-one-full fusion-column-first fusion-column-last tabella-aperta fusion-column-inner-bg-wrapper\" style=\"--awb-padding-top:0px;--awb-padding-right:0px;--awb-padding-bottom:0px;--awb-padding-left:0px;--awb-inner-bg-repeat:repeat;\"><span class=\"fusion-column-inner-bg hover-type-none\"><a class=\"fusion-column-anchor\" href=\"vincent-bizien\"><span class=\"fusion-column-inner-bg-image\"><\/span><\/a><\/span><div class=\"fusion-column-wrapper fusion-flex-column-wrapper-legacy\"><div class=\"fusion-text fusion-text-1\"><div class=\"tabella-borse\">\n<table>\n<thead>\n<tr>\n<th><strong class=\"grasso\">1996<\/strong><\/th>\n<th><em>Sur les traces de la guerre avec Jean Hatzfeld<\/em><\/th>\n<th style=\"text-align: left;\">Nazionalit\u00e0: <strong class=\"grasso\">Francia<\/strong><br \/>\nCategoria: <strong class=\"grasso\">Giornalismo<\/strong><\/th>\n<\/tr>\n<\/thead>\n<tbody>\n<tr>\n<td colspan=\"3\" align=\"left\">\u00ab Je suis journaliste, r\u00e9alisateur de documentaires et j\u2019\u00e9cris des livres (j\u2019h\u00e9site sur le qualificatif d\u2019\u00e9crivain car je n\u2019ai pas publi\u00e9 de fiction). J\u2019avais obtenu le pr\u00eat pour un projet de film-documentaire de 52 mm intitul\u00e9 \u00ab Sur les traces de la guerre avec Jean Hatzfeld \u00bb. Il s\u2019agissait d\u2019un itin\u00e9raire en Yougoslavie avec ce journaliste-\u00e9crivain, que j\u2019aime beaucoup, sur les traces de l\u2019histoire des guerres yougoslaves et de sa propre histoire. Le pr\u00eat m\u2019avait \u00e9t\u00e9 donn\u00e9 comme un encouragement \u00e0 la r\u00e9alisation de ce projet, son apport pouvant \u00e9galement convaincre d\u2019autres structures de m\u2019aider. Concr\u00e8tement, le pr\u00eat m\u2019a en partie aid\u00e9 pour la pr\u00e9paration, l\u2019\u00e9criture, le rep\u00e9rage et ensuite pour les d\u00e9marches visant \u00e0 convaincre un producteur. Apr\u00e8s avoir cherch\u00e9 pendant deux ann\u00e9es un producteur, j\u2019ai abandonn\u00e9 ce projet faute de moyens, le pr\u00eat ne me permettant pas de le financer. J\u2019ai donc patient\u00e9 en esp\u00e9rant utiliser le pr\u00eat pour un autre projet, ce que j\u2019ai fait en 2001 et 2002. J\u2019ai effectu\u00e9 un voyage en Serbie et en Bosnie en compagnie d\u2019un dessinateur qui est devenu un livre, un carnet de voyage textes et dessins, \u00e0 para\u00eetre en 2003 sous le titre \u00ab Voyages aux pays des Serbes \u00bb. Le pr\u00eat m\u2019a ainsi permis de r\u00e9aliser un projet essentiel pour moi et de continuer ce que j\u2019aime : \u00e9crire. \u00bb<\/p>\n<p>Le livre Voyages au pays des Serbes est sorti dans la collection Autrement fin 2003.<\/td>\n<\/tr>\n<\/tbody>\n<\/table>\n<\/div>\n<\/div><div class=\"fusion-clearfix\"><\/div><\/div><\/div><\/div><\/div>\n","protected":false},"excerpt":{"rendered":"","protected":false},"author":1,"featured_media":0,"comment_status":"open","ping_status":"open","sticky":false,"template":"","format":"standard","meta":{"_seopress_robots_primary_cat":"","_seopress_titles_title":"","_seopress_titles_desc":"","_seopress_robots_index":"","footnotes":""},"categories":[76],"tags":[],"class_list":["post-2694","post","type-post","status-publish","format-standard","hentry","category-borse-attribuite"],"_links":{"self":[{"href":"https:\/\/www.fondationmdm.com\/it\/wp-json\/wp\/v2\/posts\/2694","targetHints":{"allow":["GET"]}}],"collection":[{"href":"https:\/\/www.fondationmdm.com\/it\/wp-json\/wp\/v2\/posts"}],"about":[{"href":"https:\/\/www.fondationmdm.com\/it\/wp-json\/wp\/v2\/types\/post"}],"author":[{"embeddable":true,"href":"https:\/\/www.fondationmdm.com\/it\/wp-json\/wp\/v2\/users\/1"}],"replies":[{"embeddable":true,"href":"https:\/\/www.fondationmdm.com\/it\/wp-json\/wp\/v2\/comments?post=2694"}],"version-history":[{"count":2,"href":"https:\/\/www.fondationmdm.com\/it\/wp-json\/wp\/v2\/posts\/2694\/revisions"}],"predecessor-version":[{"id":2802,"href":"https:\/\/www.fondationmdm.com\/it\/wp-json\/wp\/v2\/posts\/2694\/revisions\/2802"}],"wp:attachment":[{"href":"https:\/\/www.fondationmdm.com\/it\/wp-json\/wp\/v2\/media?parent=2694"}],"wp:term":[{"taxonomy":"category","embeddable":true,"href":"https:\/\/www.fondationmdm.com\/it\/wp-json\/wp\/v2\/categories?post=2694"},{"taxonomy":"post_tag","embeddable":true,"href":"https:\/\/www.fondationmdm.com\/it\/wp-json\/wp\/v2\/tags?post=2694"}],"curies":[{"name":"wp","href":"https:\/\/api.w.org\/{rel}","templated":true}]}}