{"id":3614,"date":"2019-01-31T14:39:49","date_gmt":"2019-01-31T13:39:49","guid":{"rendered":"https:\/\/www.fondationmdm.com\/?p=3614"},"modified":"2019-02-01T10:52:35","modified_gmt":"2019-02-01T09:52:35","slug":"prix-marc-de-montalembert-2019","status":"publish","type":"post","link":"https:\/\/www.fondationmdm.com\/it\/prix-marc-de-montalembert-2019\/","title":{"rendered":"Prix Marc de Montalembert 2019"},"content":{"rendered":"<div class=\"fusion-fullwidth fullwidth-box fusion-builder-row-1 nonhundred-percent-fullwidth non-hundred-percent-height-scrolling\" style=\"--awb-border-radius-top-left:0px;--awb-border-radius-top-right:0px;--awb-border-radius-bottom-right:0px;--awb-border-radius-bottom-left:0px;\" ><div class=\"fusion-builder-row fusion-row\"><div class=\"fusion-layout-column fusion_builder_column fusion-builder-column-0 fusion_builder_column_1_1 1_1 fusion-one-full fusion-column-first fusion-column-last\" style=\"--awb-bg-size:cover;\"><div class=\"fusion-column-wrapper fusion-flex-column-wrapper-legacy\"><div class=\"fusion-text fusion-text-1\"><p>Per la decima volta consecutiva, il <strong>Prix Marc de Montalembert<\/strong> \u00e8 stato attribuito dalla Fondation Marc de Montalembert, in associazione con l\u2019Institut national d\u2019histoire de l\u2019art (INHA)<strong>. <\/strong><strong>La vincitrice del Prix Marc de Montalembert 2019<\/strong> \u00e8 <strong>Claire Camberlein, francese, <\/strong>dottoressa in archeologia alla Universit\u00e0 di Strasburgo. La sua ricerca si intitola : \u201c<em>R\u00e9utiliser le pass\u00e9 dans l&#8217;Antiquit\u00e9 grecque. \u00c9tude des\u00a0 ph\u00e9nom\u00e8nes m\u00e9moriels \u00e0 Rhodes et dans le Dod\u00e9can\u00e8se entre le XV\u00e8me et le V\u00e8me avant J.-C.<\/em>\u201d.<\/p>\n<p>Il Prix verr\u00e0 consegnato a Parigi il 20 marzo 2019 alle 11 al <a href=\"https:\/\/www.inha.fr\/fr\/recherche\/le-departement-des-etudes-et-de-la-recherche\/resultats-des-jurys\/en-2018\/laureat-prix-marc-de-montalembert-2018.html?search-keywords=montalembert\" target=\"_blank\" rel=\"noopener\">Institut national d\u2019histoire de l\u2019art<\/a>, a Parigi.<\/p>\n<p>Nella stessa occasione <strong>Elie Kas Hanna<\/strong>, Prix Marc de Montalembert 2018, presenter\u00e0 i risultati della sua ricerca su \u201c<em>I monasteri nelle isole minori della Provenza e dell\u2019arcipelogo ligure-toscano dalla tarda antichit\u00e0 al medioevo<\/em>\u201d.<\/p>\n<\/div><div class=\"fusion-clearfix\"><\/div><\/div><\/div><\/div><\/div>\n","protected":false},"excerpt":{"rendered":"","protected":false},"author":2,"featured_media":0,"comment_status":"closed","ping_status":"closed","sticky":false,"template":"","format":"standard","meta":{"_seopress_robots_primary_cat":"","_seopress_titles_title":"Prix Marc de Montalembert 2019 is now open","_seopress_titles_desc":"Prix Marc de Montalembert 2019 is now open","_seopress_robots_index":"","footnotes":""},"categories":[74],"tags":[86],"class_list":["post-3614","post","type-post","status-publish","format-standard","hentry","category-notizie","tag-prix-marc-de-montalembert-2019-is-now-open"],"_links":{"self":[{"href":"https:\/\/www.fondationmdm.com\/it\/wp-json\/wp\/v2\/posts\/3614","targetHints":{"allow":["GET"]}}],"collection":[{"href":"https:\/\/www.fondationmdm.com\/it\/wp-json\/wp\/v2\/posts"}],"about":[{"href":"https:\/\/www.fondationmdm.com\/it\/wp-json\/wp\/v2\/types\/post"}],"author":[{"embeddable":true,"href":"https:\/\/www.fondationmdm.com\/it\/wp-json\/wp\/v2\/users\/2"}],"replies":[{"embeddable":true,"href":"https:\/\/www.fondationmdm.com\/it\/wp-json\/wp\/v2\/comments?post=3614"}],"version-history":[{"count":2,"href":"https:\/\/www.fondationmdm.com\/it\/wp-json\/wp\/v2\/posts\/3614\/revisions"}],"predecessor-version":[{"id":3633,"href":"https:\/\/www.fondationmdm.com\/it\/wp-json\/wp\/v2\/posts\/3614\/revisions\/3633"}],"wp:attachment":[{"href":"https:\/\/www.fondationmdm.com\/it\/wp-json\/wp\/v2\/media?parent=3614"}],"wp:term":[{"taxonomy":"category","embeddable":true,"href":"https:\/\/www.fondationmdm.com\/it\/wp-json\/wp\/v2\/categories?post=3614"},{"taxonomy":"post_tag","embeddable":true,"href":"https:\/\/www.fondationmdm.com\/it\/wp-json\/wp\/v2\/tags?post=3614"}],"curies":[{"name":"wp","href":"https:\/\/api.w.org\/{rel}","templated":true}]}}