{"id":5114,"date":"2025-05-07T15:23:48","date_gmt":"2025-05-07T13:23:48","guid":{"rendered":"https:\/\/www.fondationmdm.com\/?p=5114"},"modified":"2025-05-07T15:51:21","modified_gmt":"2025-05-07T13:51:21","slug":"anama-kotlarevsky","status":"publish","type":"post","link":"https:\/\/www.fondationmdm.com\/it\/anama-kotlarevsky\/","title":{"rendered":"ANAMA KOTLAREVSKY"},"content":{"rendered":"<p><div class=\"fusion-fullwidth fullwidth-box fusion-builder-row-1 nonhundred-percent-fullwidth non-hundred-percent-height-scrolling fusion-equal-height-columns\" style=\"--awb-background-position:left top;--awb-border-sizes-top:0px;--awb-border-sizes-bottom:0px;--awb-border-sizes-left:0px;--awb-border-sizes-right:0px;--awb-border-radius-top-left:0px;--awb-border-radius-top-right:0px;--awb-border-radius-bottom-right:0px;--awb-border-radius-bottom-left:0px;--awb-padding-top:0px;--awb-padding-right:0px;--awb-padding-bottom:0px;--awb-padding-left:0px;--awb-margin-top:50px;\" ><div class=\"fusion-builder-row fusion-row\"><div class=\"fusion-layout-column fusion_builder_column fusion-builder-column-0 fusion_builder_column_1_1 1_1 fusion-one-full fusion-column-first fusion-column-last tabella-aperta\" style=\"--awb-padding-top:0px;--awb-padding-right:0px;--awb-padding-bottom:0px;--awb-padding-left:0px;--awb-bg-blend:overlay;--awb-bg-repeat:repeat;\"><div class=\"fusion-column-wrapper fusion-flex-column-wrapper-legacy\"><div class=\"fusion-text fusion-text-1\"><div class=\"tabella-borse\">\n<table>\n<thead>\n<tr>\n<th><strong class=\"grasso\">2024<\/strong><\/th>\n<th><i>Atlas g\u00e9n\u00e9ral (archive spatiale des \u00e9changes litt\u00e9raires \u00e0 Tanger, \u00e0 Alexandrie et \u00e0 Istanbul pour un cosmopolitisme des savoirs.)<\/i><\/th>\n<th style=\"text-align: left;\">Nazionalit\u00e0: Francia<br \/>\nCategoria: letteratura<\/th>\n<\/tr>\n<\/thead>\n<tbody>\n<tr>\n<td colspan=\"3\" align=\"left\">\n<div><\/div>\n<p><strong>Descrizione del progetto<\/strong><\/p>\n<p>Il progetto <em>Atlante generale per un cosmopolitismo dei saperi<\/em> nasce dal desiderio di aprirsi alla diversit\u00e0 delle culture, delle idee e delle forme di creazione. Come viene immaginato il mondo altrove? La letteratura e l&#8217;arte sono mezzi che plasmano la nostra comprensione del mondo. Questa capacit\u00e0 mi ha sempre affascinato. Per questo ho voluto inventare uno spazio virtuale che archiviasse opere situate in luoghi diversi e le mettesse in contatto tra loro. Il desiderio di uno spazio di questo tipo nasce sia da una curiosit\u00e0 personale sulla diversit\u00e0 dell&#8217;immaginazione umana, sia dal rammarico di non essermi confrontato pi\u00f9 spesso con punti di vista non occidentali e pensieri stranieri durante i miei studi o la mia vita. Questo interesse riecheggia anche un motivo pi\u00f9 intimo. La mia storia familiare \u00e8 una storia di migrazione. Molto presto mi sono resa conto della pluralit\u00e0 degli stili di vita e dei modi di pensare e dell&#8217;importanza di stabilire un dialogo tra di essi.<\/p>\n<p>Guardare al cosmopolitismo significava anche cercare una risposta alla domanda particolarmente intima dell&#8217;appartenenza. Cosa ci fa sentire parte di una cultura? Di qui piuttosto che di l\u00e0? Di una nazione? Di una citt\u00e0 o di un paesaggio? Cosa struttura le differenze tra i popoli? Non c&#8217;\u00e8 forse qualcosa che unisce queste differenze? Il cosmopolitismo mi sembra un&#8217;idea che pu\u00f2 favorire una comprensione rispettosa tra gli individui, sia su scala politica globale sia su scala intima. Il Mediterraneo \u00e8 un&#8217;area di movimento particolarmente ricca di storia. Mi \u00e8 sembrato quindi un luogo eminentemente fertile per esplorare le mie domande. Sarebbe stato impossibile ripercorrere tutta la sua storia, quindi mi sono concentrato sulle opere create nel corso del XX secolo. Concentrarmi sul XX secolo mi ha permesso di dare uno sguardo nuovo al cosmopolitismo, dissociandolo dalla sua interpretazione egemonica da parte delle \u00e9lite coloniali, e di sondare pi\u00f9 a fondo gli eventi che hanno portato il nostro mondo contemporaneo al punto in cui si trova oggi.<\/p>\n<p>Tre citt\u00e0 si sono distinte come le prime a esplorare il cosmopolitismo attraverso l&#8217;arte e la letteratura: Istanbul, Alessandria e Tangeri. Da un lato, per la ricchezza delle loro storie e delle loro creazioni. In secondo luogo, sono tre citt\u00e0 portuali e quindi luoghi di intenso passaggio, scambio, tensione e incontro. Per ragioni pratiche legate alla ricerca, ho finito per trascorrere molto tempo anche al Cairo, tanto da decidere di includerlo in questa prima fase dell&#8217;Atlante. Durante i miei viaggi attraverso queste quattro citt\u00e0, queste quattro culture, ho incontrato intellettuali, passanti, istanbuliti, alessandrini, cairoti, tanjawi e stranieri da ogni dove. Ho assorbito costantemente nuove idee. Ho cercato di scrutare ogni sfaccettatura di questa parola cosmo-polis, come se potesse collegarmi ad altri spazi e ad altri tempi, sepolti in una geologia impalpabile.<\/p>\n<p><strong>Risultato del progetto: <\/strong><a href=\"https:\/\/general-atlas.org\"><strong>https:\/\/general-atlas.org<\/strong><\/a><\/p>\n<p>Il risultato del progetto prende la forma di uno spazio online che permetter\u00e0 a chiunque di navigare nella storia del pensiero umano. \u00c8 uno spazio che pu\u00f2 essere consultato da qualsiasi luogo: https:\/\/general-atlas.org. Durante i miei viaggi e le mie ricerche mi sono anche reso conto che un atlante cos\u00ec cosmopolita come vorrei che fosse dovrebbe includere altre forme d&#8217;arte. Ore di lavoro per tessere un tappeto o la vivacit\u00e0 di una curva calligrafica dell&#8217;alfabeto arabo sono altrettanto, se non di pi\u00f9, rappresentativi del linguaggio estetico delle culture turca, egiziana o marocchina. Calligrafia, tessitura, gioielli, musica, architettura, mosaici, racconti orali&#8230; Uno degli obiettivi futuri di questo progetto \u00e8 quindi quello di allargare i propri orizzonti. Speriamo di riuscirci anche grazie ai contributi volontari dei visitatori del sito.<\/p>\n<p><strong>Biografia<\/strong><\/p>\n<p>Anama Kotlarevsky \u00e8 nata in India nel 1998 in una famiglia caratterizzata dalla multiculturalit\u00e0. Fin da piccola le piaceva ritrarre il mondo in tutte le sue diverse forme. Inizialmente ha deciso di esprimere la sua visione del mondo attraverso la fotografia. Gradualmente, la letteratura ha preso il sopravvento ed \u00e8 diventata la sua passione. Frequenta un corso biennale all&#8217;\u00c9cole Nationale des Beaux-Arts di Parigi e un corso preparatorio all&#8217;Henri IV per approfondire i suoi interessi artistici e teorici. Entra infine all&#8217;\u00c9cole Normale Sup\u00e9rieure di Parigi, dove si laurea in filosofia con una tesi sull&#8217;opera del filosofo e poeta romantico Novalis, il cui pensiero ha avuto un impatto duraturo sulla sua percezione delle cose. Questa filosofia \u00e8 stata anche all&#8217;origine di alcuni aspetti del suo progetto Atlas g\u00e9n\u00e9ral per la borsa di studio 2024 della Fondazione Marc de Montalembert. Dopo aver completato il master, si \u00e8 trasferita a Venezia, dove ha lavorato per la Fondazione Guggenheim. La sua formazione filosofica le ha permesso di trascorrere un periodo a Napoli grazie a una borsa di studio dell&#8217;Istituto di Filosofia (IISF). Vive tra la Francia e l&#8217;Italia, dove, oltre alla ricerca teorica, scrive narrativa e poesia.<\/p>\n<\/td>\n<\/tr>\n<\/tbody>\n<\/table>\n<\/div>\n<\/div><div class=\"fusion-clearfix\"><\/div><\/div><\/div><\/div><\/div><div class=\"fusion-fullwidth fullwidth-box fusion-builder-row-2 nonhundred-percent-fullwidth non-hundred-percent-height-scrolling\" style=\"--awb-border-radius-top-left:0px;--awb-border-radius-top-right:0px;--awb-border-radius-bottom-right:0px;--awb-border-radius-bottom-left:0px;\" ><div class=\"fusion-builder-row fusion-row\"><div class=\"fusion-layout-column fusion_builder_column fusion-builder-column-1 fusion_builder_column_1_1 1_1 fusion-one-full fusion-column-first fusion-column-last\" style=\"--awb-bg-blend:overlay;--awb-bg-size:cover;\"><div class=\"fusion-column-wrapper fusion-flex-column-wrapper-legacy\"><div class=\"fusion-image-element in-legacy-container\" style=\"--awb-caption-title-font-family:var(--h2_typography-font-family);--awb-caption-title-font-weight:var(--h2_typography-font-weight);--awb-caption-title-font-style:var(--h2_typography-font-style);--awb-caption-title-size:var(--h2_typography-font-size);--awb-caption-title-transform:var(--h2_typography-text-transform);--awb-caption-title-line-height:var(--h2_typography-line-height);--awb-caption-title-letter-spacing:var(--h2_typography-letter-spacing);\"><span class=\" fusion-imageframe imageframe-none imageframe-1 hover-type-none\" class=\"image-magnify\" class=\"image-scroll\"><img decoding=\"async\" width=\"733\" height=\"459\" title=\"Anama Kotlarevsky\" src=\"https:\/\/www.fondationmdm.com\/wp-content\/uploads\/Anama-Kotlarevsky.png\" alt class=\"img-responsive wp-image-5121\" srcset=\"https:\/\/www.fondationmdm.com\/wp-content\/uploads\/Anama-Kotlarevsky-200x125.png 200w, https:\/\/www.fondationmdm.com\/wp-content\/uploads\/Anama-Kotlarevsky-400x250.png 400w, https:\/\/www.fondationmdm.com\/wp-content\/uploads\/Anama-Kotlarevsky-600x376.png 600w, https:\/\/www.fondationmdm.com\/wp-content\/uploads\/Anama-Kotlarevsky.png 733w\" sizes=\"(max-width: 800px) 100vw, 733px\" \/><\/span><\/div><div class=\"fusion-clearfix\"><\/div><\/div><\/div><\/div><\/div><\/p>\n","protected":false},"excerpt":{"rendered":"","protected":false},"author":2,"featured_media":0,"comment_status":"open","ping_status":"open","sticky":false,"template":"","format":"standard","meta":{"_seopress_robots_primary_cat":"none","_seopress_titles_title":"","_seopress_titles_desc":"","_seopress_robots_index":"","footnotes":""},"categories":[76],"tags":[],"class_list":["post-5114","post","type-post","status-publish","format-standard","hentry","category-borse-attribuite"],"_links":{"self":[{"href":"https:\/\/www.fondationmdm.com\/it\/wp-json\/wp\/v2\/posts\/5114","targetHints":{"allow":["GET"]}}],"collection":[{"href":"https:\/\/www.fondationmdm.com\/it\/wp-json\/wp\/v2\/posts"}],"about":[{"href":"https:\/\/www.fondationmdm.com\/it\/wp-json\/wp\/v2\/types\/post"}],"author":[{"embeddable":true,"href":"https:\/\/www.fondationmdm.com\/it\/wp-json\/wp\/v2\/users\/2"}],"replies":[{"embeddable":true,"href":"https:\/\/www.fondationmdm.com\/it\/wp-json\/wp\/v2\/comments?post=5114"}],"version-history":[{"count":5,"href":"https:\/\/www.fondationmdm.com\/it\/wp-json\/wp\/v2\/posts\/5114\/revisions"}],"predecessor-version":[{"id":5128,"href":"https:\/\/www.fondationmdm.com\/it\/wp-json\/wp\/v2\/posts\/5114\/revisions\/5128"}],"wp:attachment":[{"href":"https:\/\/www.fondationmdm.com\/it\/wp-json\/wp\/v2\/media?parent=5114"}],"wp:term":[{"taxonomy":"category","embeddable":true,"href":"https:\/\/www.fondationmdm.com\/it\/wp-json\/wp\/v2\/categories?post=5114"},{"taxonomy":"post_tag","embeddable":true,"href":"https:\/\/www.fondationmdm.com\/it\/wp-json\/wp\/v2\/tags?post=5114"}],"curies":[{"name":"wp","href":"https:\/\/api.w.org\/{rel}","templated":true}]}}