{"id":5134,"date":"2025-05-07T15:54:16","date_gmt":"2025-05-07T13:54:16","guid":{"rendered":"https:\/\/www.fondationmdm.com\/?p=5134"},"modified":"2025-05-14T11:00:25","modified_gmt":"2025-05-14T09:00:25","slug":"nadine-atallah","status":"publish","type":"post","link":"https:\/\/www.fondationmdm.com\/it\/nadine-atallah\/","title":{"rendered":"NADINE ATALLAH"},"content":{"rendered":"<div class=\"fusion-fullwidth fullwidth-box fusion-builder-row-1 nonhundred-percent-fullwidth non-hundred-percent-height-scrolling fusion-equal-height-columns\" style=\"--awb-background-position:left top;--awb-border-sizes-top:0px;--awb-border-sizes-bottom:0px;--awb-border-sizes-left:0px;--awb-border-sizes-right:0px;--awb-border-radius-top-left:0px;--awb-border-radius-top-right:0px;--awb-border-radius-bottom-right:0px;--awb-border-radius-bottom-left:0px;--awb-padding-top:0px;--awb-padding-right:0px;--awb-padding-bottom:0px;--awb-padding-left:0px;--awb-margin-top:50px;\" ><div class=\"fusion-builder-row fusion-row\"><div class=\"fusion-layout-column fusion_builder_column fusion-builder-column-0 fusion_builder_column_1_1 1_1 fusion-one-full fusion-column-first fusion-column-last tabella-aperta\" style=\"--awb-padding-top:0px;--awb-padding-right:0px;--awb-padding-bottom:0px;--awb-padding-left:0px;--awb-bg-blend:overlay;--awb-bg-repeat:repeat;\"><div class=\"fusion-column-wrapper fusion-flex-column-wrapper-legacy\"><div class=\"fusion-text fusion-text-1\"><div class=\"tabella-borse\">\n<table style=\"height: 72px;\">\n<thead>\n<tr style=\"height: 48px;\">\n<th style=\"height: 48px; width: 39.4333px;\">2023<\/th>\n<th style=\"height: 48px; width: 817.217px;\"><em><b>Les all\u00e9geances contradictoires d\u2019Inji Efflatoun (1924-1989). Trajectoire d\u2019une artiste militante \u00e0 travers l\u2019\u00c9gypte du XXe si\u00e8cle<\/b><\/em><\/th>\n<th style=\"text-align: left; height: 48px; width: 145.35px;\">Nationalit\u00e9: <b>France Egypte<\/b><strong class=\"grasso\"><br \/><\/strong>Cat\u00e9gorie: <strong class=\"grasso\">Histoire de l\u2019art moderne<\/strong><\/th>\n<\/tr>\n<\/thead>\n<tbody>\n<tr style=\"height: 24px;\">\n<td style=\"height: 24px; width: 1014px;\" colspan=\"3\" align=\"left\">\n<p><strong>Pr\u00e9sentation de la recherche<\/strong><\/p>\n<p>Il s\u2019agit d\u2019une \u00e9tude monographique sur Inji Efflatoun (1924-1989), artiste-peintre et militante f\u00e9ministe et communiste \u00e9gyptienne, r\u00e9alis\u00e9e \u00e0 travers une approche qui associe histoire de l&#8217;art et histoire culturelle et sociale. En retra\u00e7ant la trajectoire artistique et politique d\u2019Inji Efflatoun, et en mettant en \u00e9vidence la corr\u00e9lation entre les deux, cette \u00e9tude propose d\u2019analyser les all\u00e9geances contradictoires qui caract\u00e9risent sa double carri\u00e8re et ses choix. Il s\u2019agit par-l\u00e0 de mettre en lumi\u00e8re l\u2019ambigu\u00eft\u00e9 d\u2019une position exemplaire des difficult\u00e9s \u00e0 \u00eatre artiste, et de surcro\u00eet artiste femme, dans une \u00c9gypte marqu\u00e9e par les luttes pour l\u2019ind\u00e9pendance et l\u2019installation du r\u00e9gime autoritaire de Gamal Abdel Nasser (1918-1970). L\u2019\u00e9tude repose essentiellement sur une lecture critique des tableaux d\u2019Inji Efflatoun et de ses expositions, nourrie par l\u2019\u00e9tude approfondie de la documentation personnelle de l\u2019artiste. Ce projet veut aussi situer Inji Efflatoun dans des r\u00e9seaux artistiques et militants internationaux, refl\u00e9tant des enjeux g\u00e9opolitiques propres \u00e0 l&#8217;\u00c9gypte du XXe\u00a0si\u00e8cle. Ce projet ambitieux a \u00e9galement fait l&#8217;objet d&#8217;une mission scientifique aupr\u00e8s de l&#8217;Ifao (Institut fran\u00e7ais d&#8217;arch\u00e9ologie orientale) au Caire, en 2023, et aboutira sous la forme d&#8217;une exposition et d&#8217;un livre en 2027. Des r\u00e9sultats interm\u00e9diaires ont d\u00e9j\u00e0 \u00e9t\u00e9 produits sous la forme de publications et de communications. Nadine Atallah a \u00e9galement b\u00e9n\u00e9fici\u00e9 d&#8217;une r\u00e9sidence d&#8217;\u00e9criture de trois semaines au si\u00e8ge de la Fondation Marc de Montalembert \u00e0 Rhodes \u00e0 l&#8217;automne 2024.<\/p>\n<p><strong>\u00a0Biographie<\/strong><\/p>\n<p>Nadine Atallah est historienne de l&#8217;art et curatrice. Elle est actuellement charg\u00e9e de recherche sp\u00e9cialiste du Moyen-Orient et d&#8217;Afrique du Nord au Mus\u00e9e national d&#8217;art moderne &#8211; Centre Pompidou \u00e0 Paris, et chercheuse associ\u00e9e au laboratoire InVisu (CNRS\/INHA). Sa th\u00e8se de doctorat qu&#8217;elle a soutenue en 2022 \u00e0 l&#8217;Universit\u00e9 Paris 1, Panth\u00e9on Sorbonne, portait sur la g\u00e9n\u00e9ration d&#8217;artistes femmes qui a \u00e9merg\u00e9 au mitan du XXe si\u00e8cle en \u00c9gypte, dans un espace social et culturel marqu\u00e9 par le processus de d\u00e9colonisation et l&#8217;installation du r\u00e9gime nass\u00e9rien. Cette th\u00e8se a \u00e9t\u00e9 r\u00e9compens\u00e9e par le prix de la Fondation Martine Aublet (2023). Dans la continuit\u00e9 de cette recherche, elle pr\u00e9pare une \u00e9tude monographique sur l&#8217;artiste \u00e9gyptienne et activiste f\u00e9ministe Inji Efflatoun (1924-1989), avec le soutien du prix Marc de Montalembert. Depuis plus d&#8217;une dizaine d&#8217;ann\u00e9es, Nadine Atallah a organis\u00e9 plusieurs expositions d&#8217;art contemporain dans la r\u00e9gion arabe et en Europe occidentale. Sa derni\u00e8re exposition, intitul\u00e9e <em>Le cheveu de Mu&#8217;awiya<\/em>, a marqu\u00e9 l&#8217;inauguration du 32Bis en juin 2023, un centre d&#8217;art \u00e0 Tunis (Tunisie), et a rassembl\u00e9 les travaux d&#8217;une vingtaine d&#8217;artistes provenant principalement de pays arabes et africains et de leurs diasporas, pour r\u00e9fl\u00e9chir aux fa\u00e7ons dont on peut donner du sens aux p\u00e9riodes de tumulte \u00e0 travers la cr\u00e9ation artistique et l&#8217;\u00e9criture de l&#8217;histoire.<\/p>\n<p><strong>\u00a0R\u00e9sultats de la recherche<\/strong><\/p>\n<p><strong><u>Publications<\/u><\/strong><\/p>\n<p>\u00ab\u00a0A Revolutionary and a Diplomat. Efflatoun\u2019s International Exhibitions\u00a0\u00bb,\u00a0 in : Al Qassemi Sultan Sooud et Takesh Suheyla (dir.), <em>The Life and Work of Inji Efflatoun<\/em>, Skira, 2025 (\u00e0 para\u00eetre), p. 152-159.<\/p>\n<p>\u00ab\u00a0Inji Efflatoun entre le pinceau et la plume\u00a0: \u2018L\u2019exposition de la r\u00e9volutionnaire\u2019\u00a0\u00bb, <em>Les Cahiers de l\u2019\u00c9cole du Louvre<\/em>, 23, D\u00e9cembre 2024, en ligne: <a href=\"http:\/\/journals.openedition.org\/cel\/35623\">http:\/\/journals.openedition.org\/cel\/35623<\/a>.<\/p>\n<p>Inji Efflatoun, <em>Ahlam al-sitt Bahanna<\/em>, 1963, huile sur bois, 50 x 38 cm, Dalloul Art Foundation, Beyrouth. Notice pour le catalogue de la 60e\u00a0Biennale de Venise, <em>Foreigners Everywhere<\/em>, cur. Adriano Pedrosa<\/p>\n<p>\u201cInji Efflatoun\u201d, entr\u00e9e biographique pour <em>The Encyclopedia of Modern Art and Arab World<\/em>\u00a0du Mathaf, Qatar, en ligne (\u00e0 para\u00eetre)<\/p>\n<p><strong><u>Communications\u00a0:<\/u><\/strong><\/p>\n<p>\u00ab\u00a0Inji Efflatoun \u00e0 Paris : voyages familiaux, artistiques et militants d&#8217;une Egyptienne francophone\u00a0\u00bb, s\u00e9minaire \u00ab\u00a0Paris Noir\u00a0\u00bb, Universit\u00e9 Paris 10 et MNAM-Centre Pompidou, Paris, mars 2025.<\/p>\n<p>\u00ab\u00a0Identifying, Preserving, and Studying Inji Efflatoun\u2019s private archives\u00a0\u00bb, journ\u00e9es de recherche \u00ab\u00a0Women\u2019s Private Archives in Egypt: Revisiting the Canon\u00a0\u00bb, The American University in Cairo et Women and Memory Forum, Le Caire, avril 2025.<\/p>\n<p>\u00ab\u00a0Les \u2018expositions-manifestes\u2019 d\u2019Inji Efflatoun. Peindre pour la cause des femmes et du peuple\u00a0\u00bb, journ\u00e9e d\u2019\u00e9tude \u00ab\u00a0Femmes et f\u00e9minismes en contexte d\u2019Islam\u00a0\u00bb organis\u00e9e par l\u2019Inistra (Institut d\u2019Islamologie de Strasbourg) et le master Mondes musulmans, Universit\u00e9 de Strasbourg, avril 2024.<\/p>\n<p>\u00ab\u00a0Inji Efflatoun, lettres de la prison (1959-1963)\u00a0\u00bb, lecture d\u2019une s\u00e9lection d\u2019extraits de la correspondance carc\u00e9rale d\u2019Inji Efflatoun ordonn\u00e9e chronologiquement et traduite en anglais par mes soins, bateau Art Explora, en marge de la 60e Biennale de Venise, avril 2024.<\/p>\n<p>\u00ab\u00a0\u00c9crire une histoire des femmes dans l&#8217;art moderne en \u00c9gypte. \u00c0 la crois\u00e9e des enjeux f\u00e9ministes et postcoloniaux\u00a0\u00bb, s\u00e9minaire doctoral \u00ab\u00a0Actualit\u00e9s de la recherche\u00a0\u00bb, centre de recherche de l\u2019\u00c9cole du Louvre, Paris, novembre 2023.<\/p>\n<\/td>\n<\/tr>\n<\/tbody>\n<\/table>\n<\/div>\n<\/div><div class=\"fusion-image-element in-legacy-container\" style=\"--awb-max-width:400px;--awb-caption-title-font-family:var(--h2_typography-font-family);--awb-caption-title-font-weight:var(--h2_typography-font-weight);--awb-caption-title-font-style:var(--h2_typography-font-style);--awb-caption-title-size:var(--h2_typography-font-size);--awb-caption-title-transform:var(--h2_typography-text-transform);--awb-caption-title-line-height:var(--h2_typography-line-height);--awb-caption-title-letter-spacing:var(--h2_typography-letter-spacing);\"><span class=\" fusion-imageframe imageframe-none imageframe-1 hover-type-none\" class=\"image-magnify\" class=\"image-scroll\"><img decoding=\"async\" width=\"580\" height=\"772\" title=\"Nadine Atallah\" src=\"https:\/\/www.fondationmdm.com\/wp-content\/uploads\/Nadine-Atallah.png\" alt class=\"img-responsive wp-image-5138\" srcset=\"https:\/\/www.fondationmdm.com\/wp-content\/uploads\/Nadine-Atallah-200x266.png 200w, https:\/\/www.fondationmdm.com\/wp-content\/uploads\/Nadine-Atallah-400x532.png 400w, https:\/\/www.fondationmdm.com\/wp-content\/uploads\/Nadine-Atallah.png 580w\" sizes=\"(max-width: 800px) 100vw, 580px\" \/><\/span><\/div><div class=\"fusion-clearfix\"><\/div><\/div><\/div><\/div><\/div>\n","protected":false},"excerpt":{"rendered":"","protected":false},"author":2,"featured_media":0,"comment_status":"open","ping_status":"open","sticky":false,"template":"","format":"standard","meta":{"_seopress_robots_primary_cat":"none","_seopress_titles_title":"","_seopress_titles_desc":"","_seopress_robots_index":"","footnotes":""},"categories":[51],"tags":[],"class_list":["post-5134","post","type-post","status-publish","format-standard","hentry","category-non-categorizzato"],"_links":{"self":[{"href":"https:\/\/www.fondationmdm.com\/it\/wp-json\/wp\/v2\/posts\/5134","targetHints":{"allow":["GET"]}}],"collection":[{"href":"https:\/\/www.fondationmdm.com\/it\/wp-json\/wp\/v2\/posts"}],"about":[{"href":"https:\/\/www.fondationmdm.com\/it\/wp-json\/wp\/v2\/types\/post"}],"author":[{"embeddable":true,"href":"https:\/\/www.fondationmdm.com\/it\/wp-json\/wp\/v2\/users\/2"}],"replies":[{"embeddable":true,"href":"https:\/\/www.fondationmdm.com\/it\/wp-json\/wp\/v2\/comments?post=5134"}],"version-history":[{"count":4,"href":"https:\/\/www.fondationmdm.com\/it\/wp-json\/wp\/v2\/posts\/5134\/revisions"}],"predecessor-version":[{"id":5180,"href":"https:\/\/www.fondationmdm.com\/it\/wp-json\/wp\/v2\/posts\/5134\/revisions\/5180"}],"wp:attachment":[{"href":"https:\/\/www.fondationmdm.com\/it\/wp-json\/wp\/v2\/media?parent=5134"}],"wp:term":[{"taxonomy":"category","embeddable":true,"href":"https:\/\/www.fondationmdm.com\/it\/wp-json\/wp\/v2\/categories?post=5134"},{"taxonomy":"post_tag","embeddable":true,"href":"https:\/\/www.fondationmdm.com\/it\/wp-json\/wp\/v2\/tags?post=5134"}],"curies":[{"name":"wp","href":"https:\/\/api.w.org\/{rel}","templated":true}]}}